{"id":9682,"date":"2013-05-10T23:09:26","date_gmt":"2013-05-10T21:09:26","guid":{"rendered":"http:\/\/www.michael-schumacher.es\/noticias-f1\/?p=9682"},"modified":"2013-05-10T23:09:26","modified_gmt":"2013-05-10T21:09:26","slug":"entrenamientos-gp-de-espana-montmelo-2013-lotus","status":"publish","type":"post","link":"http:\/\/www.michael-schumacher.es\/noticias-f1\/2013\/05\/10\/entrenamientos-gp-de-espana-montmelo-2013-lotus\/","title":{"rendered":"Entrenamientos GP de Espa\u00f1a, Montmel\u00f3 2013. Lotus"},"content":{"rendered":"<p><a href=\"http:\/\/www.michael-schumacher.es\/noticias-f1\/wp-content\/uploads\/2013\/04\/kimi_raikkonen_2_test-bcn-2013_david-sarro.jpg\"><img loading=\"lazy\" class=\"alignleft\" alt=\"Kimi Raikkonen 2 - Test Barcelona 2013 - David Sarr\u00f3\" src=\"http:\/\/www.michael-schumacher.es\/noticias-f1\/wp-content\/uploads\/2013\/04\/kimi_raikkonen_2_test-bcn-2013_david-sarro.jpg\" width=\"200\" height=\"133\" \/><\/a>El equipo Lotus en diferencia de la mayor\u00eda de los equipos no ha sido perjudicado por la lluvia, m\u00e1s bien al contrario, ya que han aprovechado para probar las novedades para mojado, ambos pilotos parece tener un buen ritmo y est\u00e1n contentos con su potencial<\/p>\n<p><!--more--> <!--noteaser--><\/p>\n<p style=\"text-align: center;\">\u00a0<a href=\"http:\/\/www.michael-schumacher.es\/noticias-f1\/wp-content\/uploads\/2013\/04\/kimi_raikkonen_2_test-bcn-2013_david-sarro.jpg\"><img loading=\"lazy\" class=\"aligncenter size-full wp-image-9350\" alt=\"Kimi Raikkonen 2 - Test Barcelona 2013 - David Sarr\u00f3\" src=\"http:\/\/www.michael-schumacher.es\/noticias-f1\/wp-content\/uploads\/2013\/04\/kimi_raikkonen_2_test-bcn-2013_david-sarro.jpg\" width=\"650\" height=\"433\" srcset=\"http:\/\/www.michael-schumacher.es\/noticias-f1\/wp-content\/uploads\/2013\/04\/kimi_raikkonen_2_test-bcn-2013_david-sarro.jpg 650w, http:\/\/www.michael-schumacher.es\/noticias-f1\/wp-content\/uploads\/2013\/04\/kimi_raikkonen_2_test-bcn-2013_david-sarro-300x199.jpg 300w\" sizes=\"(max-width: 650px) 100vw, 650px\" \/><\/a><\/p>\n<p>&nbsp;<\/p>\n<p>El equipo Lotus en diferencia de la mayor\u00eda de los equipos no ha sido perjudicado por la lluvia, m\u00e1s bien al contrario, ya que han aprovechado para probar las novedades para mojado, ambos pilotos parece tener un buen ritmo y est\u00e1n contentos con su potencial<\/p>\n<p>&nbsp;<\/p>\n<p>Kimi Raikkonen est\u00e1 relativamente satisfecho de su d\u00eda de entrenamientos, no ha terminado lejos de la cabeza en la primera sesi\u00f3n fue octavo y en la segunda cuarto, tiene buen ritmo y aunque queda trabajo por analizar y hacer es lo natural el viernes. Romain Grojean tambi\u00e9n est\u00e1 satisfecho de su ritmo, aunque no se refleje en los tiempo ya que en la primera sesi\u00f3n fue cuarto en la segunda solo pudo ser decimoctavo, pero esto fue debido a la rotura de un escape, se\u00f1ala que trabajar esta noche para avanzar.<\/p>\n<p><em><strong><br \/>\n<\/strong><em><\/em><\/em><\/p>\n<p><strong>Kimi Raikkonen:<\/strong> <em>\u00abHa sido un viernes bastante normal. Probamos algunas cosas en el coche, corrimos con diferentes compuestos, y ahora vamos a mirar\u00a0 todos los datos para ver d\u00f3nde estamos.\u00a0 Hemos terminado el d\u00eda no muy lejos del tiempo m\u00e1s r\u00e1pido, por lo que podemos decir que no ha sido un desastre de d\u00eda, pero sin duda hay algunas cosas que tenemos que mejorar del coche, algo que es normal despu\u00e9s del primer d\u00eda de rodaje\u00bb.<\/em><\/p>\n<p>&nbsp;<\/p>\n<p><strong>Romain Grosjean:<\/strong> <em>\u00abHoy ha estado bien. Quiz\u00e1 no quede muy bien en la tabla de tiempos, pero no terminamos nuestra vuelta con los neum\u00e1ticos medios ya que tuve que volver al box. No es nada f\u00e1cil entender el rendimiento de los neum\u00e1ticos en este circuito, ya que la degradaci\u00f3n es muy elevada, y, por supuesto, esta ma\u00f1ana las condiciones meteorol\u00f3gicas pusieron las cosas un poco m\u00e1s dif\u00edcil. Hemos completado un buen n\u00famero de vueltas para recoger tantos datos como nos era posible, de modo que esta noche vamos a trabajar en la puesta a punto, (una \u00e1rea) donde debemos ser capaces de avanzar\u00bb.<\/em><\/p>\n<p>&nbsp;<\/p>\n<p><strong>Alan Permane, director de operaciones:<\/strong><em> \u00abEstamos muy contentos con el rendimiento de hoy. La posici\u00f3n de Romain en la sesi\u00f3n de la tarde no es representativa de su potencial, debido a que un escape roto le produjo p\u00e9rdida de rendimiento en su tanda con los neum\u00e1ticos m\u00e1s blandos, pero aparte de eso, est\u00e1 a gusto con su coche y su conducci\u00f3n. Kimi estaba contento con el manejo y el equilibrio de su monoplaza y eso se refleja en su ritmo. La lluvia esta ma\u00f1ana ha sido realmente beneficiosa para nosotros, ya que nos proporcion\u00f3 una gran oportunidad de probar nuestras \u00faltimas novedades destinadas a contrarrestar la relativa falta de ritmo sobre mojado. Estamos contentos con los progresos realizados en este \u00e1mbito\u00bb.<\/em><\/p>\n<p>&nbsp;<\/p>\n<p><strong>Imagen:<\/strong> David Sarr\u00f3<\/p>\n<div class=\"sharedaddy sd-sharing-enabled\"><div class=\"robots-nocontent sd-block sd-social sd-social-official sd-sharing\"><h3 class=\"sd-title\">Opciones Sociales:<\/h3><div class=\"sd-content\"><ul><li class=\"share-facebook\"><div class=\"fb-share-button\" data-href=\"http:\/\/www.michael-schumacher.es\/noticias-f1\/2013\/05\/10\/entrenamientos-gp-de-espana-montmelo-2013-lotus\/\" data-layout=\"button_count\"><\/div><\/li><li class=\"share-twitter\"><a href=\"https:\/\/twitter.com\/share\" class=\"twitter-share-button\" data-url=\"http:\/\/www.michael-schumacher.es\/noticias-f1\/2013\/05\/10\/entrenamientos-gp-de-espana-montmelo-2013-lotus\/\" data-text=\"Entrenamientos GP de Espa\u00f1a, Montmel\u00f3 2013. Lotus\"  >Tweet<\/a><\/li><li class=\"share-email\"><a rel=\"nofollow noopener noreferrer\" data-shared=\"\" class=\"share-email sd-button\" href=\"http:\/\/www.michael-schumacher.es\/noticias-f1\/2013\/05\/10\/entrenamientos-gp-de-espana-montmelo-2013-lotus\/?share=email\" target=\"_blank\" title=\"Haz clic para enviar por correo electr\u00f3nico a un amigo\"><span>Correo electr\u00f3nico<\/span><\/a><\/li><li class=\"share-end\"><\/li><\/ul><\/div><\/div><\/div>","protected":false},"excerpt":{"rendered":"<p>El equipo Lotus en diferencia de la mayor\u00eda de los equipos no ha sido perjudicado por la lluvia, m\u00e1s bien al contrario, ya que han aprovechado para probar las novedades para mojado, ambos pilotos parece tener un buen ritmo y est\u00e1n contentos con su potencial<\/p>\n<div class=\"sharedaddy sd-sharing-enabled\"><div class=\"robots-nocontent sd-block sd-social sd-social-official sd-sharing\"><h3 class=\"sd-title\">Opciones Sociales:<\/h3><div class=\"sd-content\"><ul><li class=\"share-facebook\"><div class=\"fb-share-button\" data-href=\"http:\/\/www.michael-schumacher.es\/noticias-f1\/2013\/05\/10\/entrenamientos-gp-de-espana-montmelo-2013-lotus\/\" data-layout=\"button_count\"><\/div><\/li><li class=\"share-twitter\"><a href=\"https:\/\/twitter.com\/share\" class=\"twitter-share-button\" data-url=\"http:\/\/www.michael-schumacher.es\/noticias-f1\/2013\/05\/10\/entrenamientos-gp-de-espana-montmelo-2013-lotus\/\" data-text=\"Entrenamientos GP de Espa\u00f1a, Montmel\u00f3 2013. Lotus\"  >Tweet<\/a><\/li><li class=\"share-email\"><a rel=\"nofollow noopener noreferrer\" data-shared=\"\" class=\"share-email sd-button\" href=\"http:\/\/www.michael-schumacher.es\/noticias-f1\/2013\/05\/10\/entrenamientos-gp-de-espana-montmelo-2013-lotus\/?share=email\" target=\"_blank\" title=\"Haz clic para enviar por correo electr\u00f3nico a un amigo\"><span>Correo electr\u00f3nico<\/span><\/a><\/li><li class=\"share-end\"><\/li><\/ul><\/div><\/div><\/div>","protected":false},"author":3,"featured_media":0,"comment_status":"open","ping_status":"open","sticky":false,"template":"","format":"standard","meta":{"_monsterinsights_skip_tracking":false,"_monsterinsights_sitenote_active":false,"_monsterinsights_sitenote_note":"","_monsterinsights_sitenote_category":0,"spay_email":"","jetpack_publicize_message":"","jetpack_is_tweetstorm":false,"jetpack_publicize_feature_enabled":true},"categories":[67,3],"tags":[373,315,374,131,393,232,189,17,15,6,8,83,81,26,186,1245,24,82,238],"jetpack_featured_media_url":"","jetpack_publicize_connections":[],"jetpack_sharing_enabled":true,"jetpack_shortlink":"https:\/\/wp.me\/p27q3P-2wa","_links":{"self":[{"href":"http:\/\/www.michael-schumacher.es\/noticias-f1\/wp-json\/wp\/v2\/posts\/9682"}],"collection":[{"href":"http:\/\/www.michael-schumacher.es\/noticias-f1\/wp-json\/wp\/v2\/posts"}],"about":[{"href":"http:\/\/www.michael-schumacher.es\/noticias-f1\/wp-json\/wp\/v2\/types\/post"}],"author":[{"embeddable":true,"href":"http:\/\/www.michael-schumacher.es\/noticias-f1\/wp-json\/wp\/v2\/users\/3"}],"replies":[{"embeddable":true,"href":"http:\/\/www.michael-schumacher.es\/noticias-f1\/wp-json\/wp\/v2\/comments?post=9682"}],"version-history":[{"count":0,"href":"http:\/\/www.michael-schumacher.es\/noticias-f1\/wp-json\/wp\/v2\/posts\/9682\/revisions"}],"wp:attachment":[{"href":"http:\/\/www.michael-schumacher.es\/noticias-f1\/wp-json\/wp\/v2\/media?parent=9682"}],"wp:term":[{"taxonomy":"category","embeddable":true,"href":"http:\/\/www.michael-schumacher.es\/noticias-f1\/wp-json\/wp\/v2\/categories?post=9682"},{"taxonomy":"post_tag","embeddable":true,"href":"http:\/\/www.michael-schumacher.es\/noticias-f1\/wp-json\/wp\/v2\/tags?post=9682"}],"curies":[{"name":"wp","href":"https:\/\/api.w.org\/{rel}","templated":true}]}}