{"id":9746,"date":"2013-05-11T19:46:36","date_gmt":"2013-05-11T17:46:36","guid":{"rendered":"http:\/\/www.michael-schumacher.es\/noticias-f1\/?p=9746"},"modified":"2013-05-15T20:17:21","modified_gmt":"2013-05-15T18:17:21","slug":"calificacion-gp-de-espana-montmelo-2013-force-india","status":"publish","type":"post","link":"http:\/\/www.michael-schumacher.es\/noticias-f1\/2013\/05\/11\/calificacion-gp-de-espana-montmelo-2013-force-india\/","title":{"rendered":"Calificaci\u00f3n GP de Espa\u00f1a, Montmel\u00f3 2013. Force India"},"content":{"rendered":"<p><a href=\"http:\/\/www.michael-schumacher.es\/noticias-f1\/wp-content\/uploads\/2013\/03\/adrian_sutil_test-bcn-2013_david-sarro.jpg\"><img loading=\"lazy\" class=\"alignleft\" alt=\"Adrian Sutil - Test Bcn 2013 - David Sarr\u00f3\" src=\"http:\/\/www.michael-schumacher.es\/noticias-f1\/wp-content\/uploads\/2013\/03\/adrian_sutil_test-bcn-2013_david-sarro.jpg\" width=\"200\" height=\"133\" \/><\/a>Force India ha tenido una buena jornada de calificaci\u00f3n, aunque uno de sus pilotos no ha logrado entrar en Q3 debido al tr\u00e1fico, pese a esto esperan tener una buena carrera con el buen ritmo que ya han demostrado y esperan que sus dos pilotos terminen ma\u00f1ana el Gran Premio de Espa\u00f1a en los puntos.<\/p>\n<p><!--more--> <!--noteaser--><\/p>\n<p><a href=\"http:\/\/www.michael-schumacher.es\/noticias-f1\/wp-content\/uploads\/2013\/03\/adrian_sutil_test-bcn-2013_david-sarro.jpg\"><img loading=\"lazy\" class=\"aligncenter size-full wp-image-8278\" alt=\"Adrian Sutil - Test Bcn 2013 - David Sarr\u00f3\" src=\"http:\/\/www.michael-schumacher.es\/noticias-f1\/wp-content\/uploads\/2013\/03\/adrian_sutil_test-bcn-2013_david-sarro.jpg\" width=\"650\" height=\"433\" srcset=\"http:\/\/www.michael-schumacher.es\/noticias-f1\/wp-content\/uploads\/2013\/03\/adrian_sutil_test-bcn-2013_david-sarro.jpg 650w, http:\/\/www.michael-schumacher.es\/noticias-f1\/wp-content\/uploads\/2013\/03\/adrian_sutil_test-bcn-2013_david-sarro-300x199.jpg 300w\" sizes=\"(max-width: 650px) 100vw, 650px\" \/><\/a><\/p>\n<p>&nbsp;<\/p>\n<p>Force India ha tenido una buena jornada de calificaci\u00f3n, aunque uno de sus pilotos no ha logrado entrar en Q3 debido al tr\u00e1fico, pese a esto esperan tener una buena carrera con el buen ritmo que ya han demostrado y esperan que sus dos pilotos terminen ma\u00f1ana el Gran Premio de Espa\u00f1a en los puntos.<\/p>\n<p>&nbsp;<\/p>\n<p>Paul Di Resta se siente satisfecho con su resultado en calificaci\u00f3n, ya que ha entrado en Q3 y saldr\u00e1 en 10\u00ba posici\u00f3n, por lo que espera tener una buena carrera y estrategia para acabar en los puntos. Adrian Sutil, por el contrario ha finalizado decepcionado al no poder pasar a Q3, principalmente por culpa del tr\u00e1fico, ya que en Q1 fue bien y sent\u00eda que ten\u00eda buen ritmo para haber acabado entre los diez primeros, por lo que saldr\u00e1 en posici\u00f3n 13\u00ba y aunque est\u00e1 seguro de tener buen ritmo, adelantar es dif\u00edcil y la calificaci\u00f3n es importante.<\/p>\n<p>&nbsp;<\/p>\n<p><strong>Paul Di Resta:<\/strong> <em>\u00abNos sentimos muy satisfechos con el d\u00e9cimo puesto porque hemos logrado nuestro objetivo de llegar a la Q3. No he dado lo m\u00e1ximo en la Q3, porque era dif\u00edcil optimizar el sector final de mi vuelta, pero todav\u00eda estamos en una buena posici\u00f3n para la carrera. El desgaste de los neum\u00e1ticos tendr\u00e1 un papel muy importante ma\u00f1ana, porque \u00e9ste lugar es una de las pistas m\u00e1s dif\u00edciles para los neum\u00e1ticos. Esperemos que funcione a nuestro favor y podamos hacer algunos progresos con una buena estrategia y no perdiendo demasiado tiempo en el pit-lane. Obviamente habr\u00e1 un mont\u00f3n de coches detr\u00e1s de m\u00ed con los neum\u00e1ticos nuevos, por lo que pasar por la primera curva ser\u00e1 crucial\u201d.<\/em><\/p>\n<p>&nbsp;<\/p>\n<p><strong>Adrian Sutil:<\/strong> <em>\u00abLa Q1 ha ido bien y mi vuelta con los neum\u00e1ticos duros me ha dado una buena informaci\u00f3n antes de que montara el medio. Despu\u00e9s, la Q2 ha sido un poco decepcionante, porque mi posici\u00f3n en la pista para la vuelta final no era ideal. Vergne sal\u00eda de boxes cuando yo me iba y ten\u00eda a Nico Hulkenberg empujando por atr\u00e1s. Tambi\u00e9n Webber estaba en una vuelta lanzada y era dif\u00edcil encontrar un hueco. Creo que esa es la principal raz\u00f3n por la que he quedado fuera de la Q3 porque ten\u00edamos ritmo para estar en el Top Diez. Estoy seguro de que mi monoplaza va a funcionar bien ma\u00f1ana, pero es muy dif\u00edcil adelantar aqu\u00ed y la posici\u00f3n de calificaci\u00f3n es muy importante\u00bb.<\/em><\/p>\n<p>&nbsp;<\/p>\n<p><strong>Robert Fernley, director adjunto del equipo:<\/strong><em> \u00abEs bueno ver que Paul ha entrado en la Q3, la primera vez que el equipo lo hace en Barcelona, y eso significa que estamos en una buena posici\u00f3n para ir y luchar por los puntos. Adri\u00e1n ha igualado el ritmo de Paul en todas las sesiones, pero su vuelta de Q2 se ha visto comprometida por la posici\u00f3n en pista, no consigui\u00f3 una vuelta limpia y eso le cost\u00f3 un par de l\u00edneas en la parrilla. Espero que seamos fuertes ma\u00f1ana y espero que podamos demostrar el tipo de ritmo de carrera que hemos demostrado en las cuatro carreras anteriores. El coche est\u00e1 bien equilibrado, estamos trabajando bien con los neum\u00e1ticos, y hay muchas razones para creer que podemos terminar con los dos coches dentro de los puntos\u00bb.<\/em><\/p>\n<p>&nbsp;<\/p>\n<p><strong>Imagen:<\/strong> David Sarr\u00f3<\/p>\n<p>&nbsp;<\/p>\n<div class=\"sharedaddy sd-sharing-enabled\"><div class=\"robots-nocontent sd-block sd-social sd-social-official sd-sharing\"><h3 class=\"sd-title\">Opciones Sociales:<\/h3><div class=\"sd-content\"><ul><li class=\"share-facebook\"><div class=\"fb-share-button\" data-href=\"http:\/\/www.michael-schumacher.es\/noticias-f1\/2013\/05\/11\/calificacion-gp-de-espana-montmelo-2013-force-india\/\" data-layout=\"button_count\"><\/div><\/li><li class=\"share-twitter\"><a href=\"https:\/\/twitter.com\/share\" class=\"twitter-share-button\" data-url=\"http:\/\/www.michael-schumacher.es\/noticias-f1\/2013\/05\/11\/calificacion-gp-de-espana-montmelo-2013-force-india\/\" data-text=\" Calificaci\u00f3n GP de Espa\u00f1a, Montmel\u00f3 2013. Force India\"  >Tweet<\/a><\/li><li class=\"share-email\"><a rel=\"nofollow noopener noreferrer\" data-shared=\"\" class=\"share-email sd-button\" href=\"http:\/\/www.michael-schumacher.es\/noticias-f1\/2013\/05\/11\/calificacion-gp-de-espana-montmelo-2013-force-india\/?share=email\" target=\"_blank\" title=\"Haz clic para enviar por correo electr\u00f3nico a un amigo\"><span>Correo electr\u00f3nico<\/span><\/a><\/li><li class=\"share-end\"><\/li><\/ul><\/div><\/div><\/div>","protected":false},"excerpt":{"rendered":"<p>Force India ha tenido una buena jornada de calificaci\u00f3n, aunque uno de sus pilotos no ha logrado entrar en Q3 debido al tr\u00e1fico, pese a esto esperan tener una buena carrera con el buen ritmo que ya han demostrado y esperan que sus dos pilotos terminen ma\u00f1ana el Gran Premio de Espa\u00f1a en los puntos.<\/p>\n<div class=\"sharedaddy sd-sharing-enabled\"><div class=\"robots-nocontent sd-block sd-social sd-social-official sd-sharing\"><h3 class=\"sd-title\">Opciones Sociales:<\/h3><div class=\"sd-content\"><ul><li class=\"share-facebook\"><div class=\"fb-share-button\" data-href=\"http:\/\/www.michael-schumacher.es\/noticias-f1\/2013\/05\/11\/calificacion-gp-de-espana-montmelo-2013-force-india\/\" data-layout=\"button_count\"><\/div><\/li><li class=\"share-twitter\"><a href=\"https:\/\/twitter.com\/share\" class=\"twitter-share-button\" data-url=\"http:\/\/www.michael-schumacher.es\/noticias-f1\/2013\/05\/11\/calificacion-gp-de-espana-montmelo-2013-force-india\/\" data-text=\" Calificaci\u00f3n GP de Espa\u00f1a, Montmel\u00f3 2013. Force India\"  >Tweet<\/a><\/li><li class=\"share-email\"><a rel=\"nofollow noopener noreferrer\" data-shared=\"\" class=\"share-email sd-button\" href=\"http:\/\/www.michael-schumacher.es\/noticias-f1\/2013\/05\/11\/calificacion-gp-de-espana-montmelo-2013-force-india\/?share=email\" target=\"_blank\" title=\"Haz clic para enviar por correo electr\u00f3nico a un amigo\"><span>Correo electr\u00f3nico<\/span><\/a><\/li><li class=\"share-end\"><\/li><\/ul><\/div><\/div><\/div>","protected":false},"author":3,"featured_media":0,"comment_status":"open","ping_status":"open","sticky":false,"template":"","format":"standard","meta":{"_monsterinsights_skip_tracking":false,"_monsterinsights_sitenote_active":false,"_monsterinsights_sitenote_note":"","_monsterinsights_sitenote_category":0,"spay_email":"","jetpack_publicize_message":"","jetpack_is_tweetstorm":false,"jetpack_publicize_feature_enabled":true},"categories":[68,3],"tags":[373,732,315,155,374,159,110,189,17,126,15,6,8,1697,186,109,733,238,113],"jetpack_featured_media_url":"","jetpack_publicize_connections":[],"jetpack_sharing_enabled":true,"jetpack_shortlink":"https:\/\/wp.me\/p27q3P-2xc","_links":{"self":[{"href":"http:\/\/www.michael-schumacher.es\/noticias-f1\/wp-json\/wp\/v2\/posts\/9746"}],"collection":[{"href":"http:\/\/www.michael-schumacher.es\/noticias-f1\/wp-json\/wp\/v2\/posts"}],"about":[{"href":"http:\/\/www.michael-schumacher.es\/noticias-f1\/wp-json\/wp\/v2\/types\/post"}],"author":[{"embeddable":true,"href":"http:\/\/www.michael-schumacher.es\/noticias-f1\/wp-json\/wp\/v2\/users\/3"}],"replies":[{"embeddable":true,"href":"http:\/\/www.michael-schumacher.es\/noticias-f1\/wp-json\/wp\/v2\/comments?post=9746"}],"version-history":[{"count":0,"href":"http:\/\/www.michael-schumacher.es\/noticias-f1\/wp-json\/wp\/v2\/posts\/9746\/revisions"}],"wp:attachment":[{"href":"http:\/\/www.michael-schumacher.es\/noticias-f1\/wp-json\/wp\/v2\/media?parent=9746"}],"wp:term":[{"taxonomy":"category","embeddable":true,"href":"http:\/\/www.michael-schumacher.es\/noticias-f1\/wp-json\/wp\/v2\/categories?post=9746"},{"taxonomy":"post_tag","embeddable":true,"href":"http:\/\/www.michael-schumacher.es\/noticias-f1\/wp-json\/wp\/v2\/tags?post=9746"}],"curies":[{"name":"wp","href":"https:\/\/api.w.org\/{rel}","templated":true}]}}