{"id":9779,"date":"2013-05-12T20:23:26","date_gmt":"2013-05-12T18:23:26","guid":{"rendered":"http:\/\/www.michael-schumacher.es\/noticias-f1\/?p=9779"},"modified":"2013-05-18T20:23:45","modified_gmt":"2013-05-18T18:23:45","slug":"balance-gp-de-espana-montmelo-2013-caterham","status":"publish","type":"post","link":"http:\/\/www.michael-schumacher.es\/noticias-f1\/2013\/05\/12\/balance-gp-de-espana-montmelo-2013-caterham\/","title":{"rendered":"Balance GP de Espa\u00f1a, Montmel\u00f3 2013. Caterham"},"content":{"rendered":"<p><a href=\"http:\/\/www.michael-schumacher.es\/noticias-f1\/wp-content\/uploads\/2013\/03\/giedo_van_der_garde_test-bcn-2013_david-sarro.jpg\"><img loading=\"lazy\" class=\"alignleft\" alt=\"Giedo Van  der Garde - Test Bcn 2013 - David Sarr\u00f3\" src=\"http:\/\/www.michael-schumacher.es\/noticias-f1\/wp-content\/uploads\/2013\/03\/giedo_van_der_garde_test-bcn-2013_david-sarro.jpg\" width=\"200\" height=\"133\" \/><\/a>El equipo\u00a0 Caterham ha mejorado su ritmo con las actualizaciones pero ha tenido una desigual carrera, por un lado un buen rendimiento pero por otro lado una rueda mal ajustada ha obligado a retirar uno de sus monoplazas<\/p>\n<p><!--more--> <!--noteaser--><\/p>\n<p><a href=\"http:\/\/www.michael-schumacher.es\/noticias-f1\/wp-content\/uploads\/2013\/03\/giedo_van_der_garde_test-bcn-2013_david-sarro.jpg\"><img loading=\"lazy\" class=\"aligncenter size-full wp-image-8230\" alt=\"Giedo Van  der Garde - Test Bcn 2013 - David Sarr\u00f3\" src=\"http:\/\/www.michael-schumacher.es\/noticias-f1\/wp-content\/uploads\/2013\/03\/giedo_van_der_garde_test-bcn-2013_david-sarro.jpg\" width=\"650\" height=\"433\" srcset=\"http:\/\/www.michael-schumacher.es\/noticias-f1\/wp-content\/uploads\/2013\/03\/giedo_van_der_garde_test-bcn-2013_david-sarro.jpg 650w, http:\/\/www.michael-schumacher.es\/noticias-f1\/wp-content\/uploads\/2013\/03\/giedo_van_der_garde_test-bcn-2013_david-sarro-300x199.jpg 300w\" sizes=\"(max-width: 650px) 100vw, 650px\" \/><\/a><\/p>\n<p>&nbsp;<\/p>\n<p>El equipo\u00a0 Caterham ha mejorado su ritmo con las actualizaciones pero ha tenido una desigual carrera, por un lado un buen rendimiento pero por otro lado una rueda mal ajustada ha obligado a retirar uno de sus monoplazas<\/p>\n<p>&nbsp;<\/p>\n<p>Charles Pic ha terminado la carrera en 17\u00aa posici\u00f3n y muy contento con su rendimiento y con los progresos del fin de semana, se siente c\u00f3modo con el coche y espera mejorar m\u00e1s para la siguiente carrera en M\u00f3naco. Giedo Van der Garde, ha tenido que abandonar la carrera por una rueda mal ajustada, lo que es decepcionante para el piloto ya que estaba consiguiendo un buen rendimiento, aun as\u00ed destaca que las mejoras en el coche han funcionado bien, y el ritmo de carrera es muy bueno, por lo que es optimista de cara a M\u00f3naco.<\/p>\n<p>&nbsp;<\/p>\n<p><strong>Charles Pic:<\/strong><em> \u00abEstoy muy contento con el rendimiento de hoy. Hemos acabado en la 17\u00aa plaza, aunque en realidad esto no cuenta toda la historia, ya que terminamos la carrera justo detr\u00e1s de uno de los monoplazas de Williams, lo que demuestra que hemos hecho algunos progresos este fin de semana. Las banderas azules no ayudaron, ya que sin ellas hubiera tenido muchas m\u00e1s posibilidades de adelantarlo, pero aun as\u00ed fue bueno poder atacar en las \u00faltimas vueltas. El coche se sent\u00eda muy bien durante toda la carrera, sobre todo despu\u00e9s de mi tercera parada cuando nos permiti\u00f3 realizar un stint de 25 vueltas con los neum\u00e1ticos duros, y manej\u00e9 bien los niveles de degradaci\u00f3n, lo que signific\u00f3 que pude empujar hasta ver la bandera a cuadros\u00bb.<\/em><\/p>\n<p><em>\u00abEs bueno tener un domingo como \u00e9ste, ya que ni el viernes ni el s\u00e1bado fui capaz de sacar el m\u00e1ximo partido de las nuevas mejoras, pero hoy me sent\u00ed bien desde la primera vuelta. Las partes que hemos tra\u00eddo aqu\u00ed pueden ofrecer m\u00e1s, bastante m\u00e1s, de hecho, as\u00ed que trabajaremos en eso en la f\u00e1brica y a ver cu\u00e1nto podemos mejorar para la pr\u00f3xima carrera en M\u00f3naco. Obviamente, el equipo y yo vamos a estar muy ocupados con esto, pero despu\u00e9s de ver el ritmo que tuvimos hoy, las actualizaciones en esta quinta carrera nos han hecho m\u00e1s fuertes que en el pasado, por lo que creo que podr\u00eda ser un fin de semana muy interesante para nosotros\u00bb.<\/em><\/p>\n<p><strong>Giedo van der Garde:<\/strong><em> \u00abEs una pena que mi carrera terminase como lo hizo hoy, pero a veces pasan estas cosas. He tenido una buena salida y estaba luchando con Button y los dos Williams en los dos primeros stints. El coche iba muy bien, y estaba definitivamente logrando el mejor resultado de la temporada hasta ahora. Cuando sal\u00ed de mi segunda parada, pude sentir que hab\u00eda un problema con la parte trasera izquierda tan pronto como sal\u00ed a la pista. En alg\u00fan momento, la rueda se sali\u00f3 as\u00ed que trat\u00e9 de regresar al garaje para ver si pod\u00eda continuar, pero en cuanto el equipo hubo echado un vistazo de cerca qued\u00f3 claro que ten\u00eda que retirar el coche\u00bb.<\/em><\/p>\n<p><em>\u00abComo digo, es una pena, pero es otra lecci\u00f3n para m\u00ed y para el equipo. Algunas veces no tienes suerte, pero tenemos un mont\u00f3n de cosas positivas que sacar de este fin de semana. Los cambios en el coche han funcionado bien, y tenemos m\u00e1s camino que recorrer. Nuestro ritmo de carrera es muy bueno, lo suficientemente fuerte como para luchar con unos cuantos coches de delante y mi desempe\u00f1o en la calificaci\u00f3n fue de lejos la mejor de este a\u00f1o. Ahora vamos a M\u00f3naco, una pista que conozco bien y en la que estuve en el podio dos veces el a\u00f1o pasado, en la GP2 y la F\u00f3rmula Renault 3.5, por lo que con otro rendimiento en calificaci\u00f3n como el que he tenido en Espa\u00f1a, y una carrera como hasta el momento de mi retirada, creo que podemos hacerlo bien\u00bb.<\/em><\/p>\n<p><strong>Imagen:<\/strong> David Sarr\u00f3<\/p>\n<div class=\"sharedaddy sd-sharing-enabled\"><div class=\"robots-nocontent sd-block sd-social sd-social-official sd-sharing\"><h3 class=\"sd-title\">Opciones Sociales:<\/h3><div class=\"sd-content\"><ul><li class=\"share-facebook\"><div class=\"fb-share-button\" data-href=\"http:\/\/www.michael-schumacher.es\/noticias-f1\/2013\/05\/12\/balance-gp-de-espana-montmelo-2013-caterham\/\" data-layout=\"button_count\"><\/div><\/li><li class=\"share-twitter\"><a href=\"https:\/\/twitter.com\/share\" class=\"twitter-share-button\" data-url=\"http:\/\/www.michael-schumacher.es\/noticias-f1\/2013\/05\/12\/balance-gp-de-espana-montmelo-2013-caterham\/\" data-text=\" Balance GP de Espa\u00f1a, Montmel\u00f3 2013. Caterham\"  >Tweet<\/a><\/li><li class=\"share-email\"><a rel=\"nofollow noopener noreferrer\" data-shared=\"\" class=\"share-email sd-button\" href=\"http:\/\/www.michael-schumacher.es\/noticias-f1\/2013\/05\/12\/balance-gp-de-espana-montmelo-2013-caterham\/?share=email\" target=\"_blank\" title=\"Haz clic para enviar por correo electr\u00f3nico a un amigo\"><span>Correo electr\u00f3nico<\/span><\/a><\/li><li class=\"share-end\"><\/li><\/ul><\/div><\/div><\/div>","protected":false},"excerpt":{"rendered":"<p>El equipo\u00a0 Caterham ha mejorado su ritmo con las actualizaciones pero ha tenido una desigual carrera, por un lado un buen rendimiento pero por otro lado una rueda mal ajustada ha obligado a retirar uno de sus monoplazas<\/p>\n<div class=\"sharedaddy sd-sharing-enabled\"><div class=\"robots-nocontent sd-block sd-social sd-social-official sd-sharing\"><h3 class=\"sd-title\">Opciones Sociales:<\/h3><div class=\"sd-content\"><ul><li class=\"share-facebook\"><div class=\"fb-share-button\" data-href=\"http:\/\/www.michael-schumacher.es\/noticias-f1\/2013\/05\/12\/balance-gp-de-espana-montmelo-2013-caterham\/\" data-layout=\"button_count\"><\/div><\/li><li class=\"share-twitter\"><a href=\"https:\/\/twitter.com\/share\" class=\"twitter-share-button\" data-url=\"http:\/\/www.michael-schumacher.es\/noticias-f1\/2013\/05\/12\/balance-gp-de-espana-montmelo-2013-caterham\/\" data-text=\" Balance GP de Espa\u00f1a, Montmel\u00f3 2013. Caterham\"  >Tweet<\/a><\/li><li class=\"share-email\"><a rel=\"nofollow noopener noreferrer\" data-shared=\"\" class=\"share-email sd-button\" href=\"http:\/\/www.michael-schumacher.es\/noticias-f1\/2013\/05\/12\/balance-gp-de-espana-montmelo-2013-caterham\/?share=email\" target=\"_blank\" title=\"Haz clic para enviar por correo electr\u00f3nico a un amigo\"><span>Correo electr\u00f3nico<\/span><\/a><\/li><li class=\"share-end\"><\/li><\/ul><\/div><\/div><\/div>","protected":false},"author":3,"featured_media":0,"comment_status":"open","ping_status":"open","sticky":false,"template":"","format":"standard","meta":{"_monsterinsights_skip_tracking":false,"_monsterinsights_sitenote_active":false,"_monsterinsights_sitenote_note":"","_monsterinsights_sitenote_category":0,"spay_email":"","jetpack_publicize_message":"","jetpack_is_tweetstorm":false,"jetpack_publicize_feature_enabled":true},"categories":[4,3],"tags":[373,401,64,315,58,116,189,17,15,3014,6,8,186,117,238,1219],"jetpack_featured_media_url":"","jetpack_publicize_connections":[],"jetpack_sharing_enabled":true,"jetpack_shortlink":"https:\/\/wp.me\/p27q3P-2xJ","_links":{"self":[{"href":"http:\/\/www.michael-schumacher.es\/noticias-f1\/wp-json\/wp\/v2\/posts\/9779"}],"collection":[{"href":"http:\/\/www.michael-schumacher.es\/noticias-f1\/wp-json\/wp\/v2\/posts"}],"about":[{"href":"http:\/\/www.michael-schumacher.es\/noticias-f1\/wp-json\/wp\/v2\/types\/post"}],"author":[{"embeddable":true,"href":"http:\/\/www.michael-schumacher.es\/noticias-f1\/wp-json\/wp\/v2\/users\/3"}],"replies":[{"embeddable":true,"href":"http:\/\/www.michael-schumacher.es\/noticias-f1\/wp-json\/wp\/v2\/comments?post=9779"}],"version-history":[{"count":0,"href":"http:\/\/www.michael-schumacher.es\/noticias-f1\/wp-json\/wp\/v2\/posts\/9779\/revisions"}],"wp:attachment":[{"href":"http:\/\/www.michael-schumacher.es\/noticias-f1\/wp-json\/wp\/v2\/media?parent=9779"}],"wp:term":[{"taxonomy":"category","embeddable":true,"href":"http:\/\/www.michael-schumacher.es\/noticias-f1\/wp-json\/wp\/v2\/categories?post=9779"},{"taxonomy":"post_tag","embeddable":true,"href":"http:\/\/www.michael-schumacher.es\/noticias-f1\/wp-json\/wp\/v2\/tags?post=9779"}],"curies":[{"name":"wp","href":"https:\/\/api.w.org\/{rel}","templated":true}]}}