{"id":9782,"date":"2013-05-12T20:24:36","date_gmt":"2013-05-12T18:24:36","guid":{"rendered":"http:\/\/www.michael-schumacher.es\/noticias-f1\/?p=9782"},"modified":"2013-05-18T20:30:38","modified_gmt":"2013-05-18T18:30:38","slug":"balance-gp-de-espana-montmelo-2013-mercedes","status":"publish","type":"post","link":"http:\/\/www.michael-schumacher.es\/noticias-f1\/2013\/05\/12\/balance-gp-de-espana-montmelo-2013-mercedes\/","title":{"rendered":"Balance GP de Espa\u00f1a, Montmel\u00f3 2013. Mercedes"},"content":{"rendered":"<p><a href=\"http:\/\/www.michael-schumacher.es\/noticias-f1\/wp-content\/uploads\/2013\/03\/nico_rosberg-test-2-montmelo-2013.jpg\"><img loading=\"lazy\" class=\"alignleft\" alt=\"nico_rosberg-test-2-montmelo-2013\" src=\"http:\/\/www.michael-schumacher.es\/noticias-f1\/wp-content\/uploads\/2013\/03\/nico_rosberg-test-2-montmelo-2013.jpg\" width=\"200\" height=\"133\" \/><\/a>El equipo Mercedes nuevamente ha tenido una decepcionante carrera en el Gran Premio de Espa\u00f1a, aunque ya es habitual que en carrera el rendimiento del Mercedes sea malo, es especialmente dram\u00e1tico hoy cuando ambos pilotos del equipo sal\u00edan primero y segundo para perder varias posiciones, aunque al menos este a\u00f1o han mejorado significativamente en calificaci\u00f3n, no consiguen mejorar en carrera.<\/p>\n<p><!--more--> <!--noteaser--><\/p>\n<p><a href=\"http:\/\/www.michael-schumacher.es\/noticias-f1\/wp-content\/uploads\/2013\/03\/nico_rosberg-test-2-montmelo-2013.jpg\"><img loading=\"lazy\" class=\"aligncenter size-full wp-image-8125\" alt=\"nico_rosberg-test-2-montmelo-2013\" src=\"http:\/\/www.michael-schumacher.es\/noticias-f1\/wp-content\/uploads\/2013\/03\/nico_rosberg-test-2-montmelo-2013.jpg\" width=\"650\" height=\"434\" srcset=\"http:\/\/www.michael-schumacher.es\/noticias-f1\/wp-content\/uploads\/2013\/03\/nico_rosberg-test-2-montmelo-2013.jpg 650w, http:\/\/www.michael-schumacher.es\/noticias-f1\/wp-content\/uploads\/2013\/03\/nico_rosberg-test-2-montmelo-2013-300x200.jpg 300w\" sizes=\"(max-width: 650px) 100vw, 650px\" \/><\/a><\/p>\n<p>&nbsp;<\/p>\n<p>El equipo Mercedes nuevamente ha tenido una decepcionante carrera en el Gran Premio de Espa\u00f1a, aunque ya es habitual que en carrera el rendimiento del Mercedes sea malo, es especialmente dram\u00e1tico hoy cuando ambos pilotos del equipo sal\u00edan primero y segundo para perder varias posiciones, aunque al menos este a\u00f1o han mejorado significativamente en calificaci\u00f3n, no consiguen mejorar en carrera.<\/p>\n<p>&nbsp;<\/p>\n<p>Nico Rosberg ha tenido una dif\u00edcil carrera ya que sal\u00eda desde la Pole y solamente y con esfuerzo ha logrado finalizar en 6\u00ba posici\u00f3n. Tienen un coche r\u00e1pido pero que no funciona no carrera. Lewis Hamilton, tambi\u00e9n ha tenido una dif\u00edcil carrera, sal\u00eda segundo detr\u00e1s de su compa\u00f1ero y ni siquiera ha podido terminar en la zona de puntos, finalizando la carrera en una frustrante 12\u00ba posici\u00f3n, aunque el piloto continuara trabajando para encontrar el problema y animando al equipo.<\/p>\n<p>&nbsp;<\/p>\n<p><strong>Nico Rosberg: <\/strong><em>\u00abTuve una carrera muy dura esta tarde. La salida ha sido buena y he conseguido un primer stint bueno para mantener algunos de los coches m\u00e1s r\u00e1pidos detr\u00e1s de m\u00ed. A partir de ah\u00ed, tuve que conducir mi propia carrera y empec\u00e9 a ir hacia atr\u00e1s, ya que no ten\u00eda ning\u00fan sentido destrozar los neum\u00e1ticos\u00a0 tratando de mantenerme a la cabeza. No ten\u00edamos el ritmo de los coches m\u00e1s r\u00e1pidos de hoy y hay una brecha cada vez mayor hasta los tres equipos por delante de nosotros, que tenemos que alcanzar. Tenemos un coche muy r\u00e1pido, pero tenemos que hacer que nos funcione en la carrera\u00bb.<\/em><br \/>\n<strong>Lewis Hamilton:<\/strong><em> \u00abUna tarde complicada hoy y retroceder nunca es divertido. Cambiamos a una estrategia de cuatro paradas durante la carrera pero sufr\u00ed con la falta de adherencia y equilibrio en todo momento y nunca fuimos realmente capaces de conseguir que los neum\u00e1ticos funcionasen. S\u00e9 que todos en el equipo est\u00e1n trabajando muy duro y tenemos que mantener una actitud positiva. Estoy seguro que vamos a averiguar el problema y tenemos que seguir luchando juntos para cerrar la brecha. Voy a esforzarme para ayudar y animar a los chicos\u00bb.<\/em><\/p>\n<p><strong>Ross Brawn, jefe de equipo:<\/strong><em> \u00abHemos soportado una tarde muy dif\u00edcil y la comparaci\u00f3n entre nuestra competitividad en la calificaci\u00f3n y en la carrera fue especialmente decepcionante. Nico hizo un excelente trabajo con la gesti\u00f3n de los neum\u00e1ticos para hacer tan solo tres paradas y su nivel de rendimiento mostr\u00f3 lo que nuestro coche es capaz de hacer actualmente en pistas como esta. Lewis no tuvo un buen balance en ning\u00fan punto y eso simplemente hizo una situaci\u00f3n cr\u00edtica peor, que lo oblig\u00f3 a cambiar a una estrategia de cuatro paradas a mitad de carrera. Tenemos que encontrar la clave de por qu\u00e9 perdemos rendimiento en la tarde del domingo y encontrar las soluciones adecuadas para mejorar\u00bb.<\/em><\/p>\n<p><strong>Toto Wolff\u00a0 director ejecutivo:<\/strong> <em>\u00abLa carrera de hoy mostr\u00f3 un patr\u00f3n similar a lo que hemos visto con nuestro equipo en las \u00faltimas campa\u00f1as: tenemos un coche r\u00e1pido pero desgasta los neum\u00e1ticos demasiado. Los pilotos experimentaron la situaci\u00f3n inversa a lo que ocurri\u00f3 en Bahr\u00e9in: Nico ha hecho una carrera muy controlada y fue capaz de hacer un trabajo de estrategia de tres paradas, mientras que Lewis se vio obligado a parar cuatro veces porque simplemente no ten\u00eda suficiente agarre en ning\u00fan momento a lo largo de la carrera y el coche se deslizaba. Est\u00e1 muy claro que todav\u00eda no hemos encontrado un buen equilibrio entre nuestra actuaci\u00f3n el s\u00e1bado y el domingo y vamos a necesitar un mont\u00f3n de trabajo duro para hacerlo bien\u00bb.<\/em><\/p>\n<p><strong>Imagen:<\/strong> David Sarr\u00f3<\/p>\n<div class=\"sharedaddy sd-sharing-enabled\"><div class=\"robots-nocontent sd-block sd-social sd-social-official sd-sharing\"><h3 class=\"sd-title\">Opciones Sociales:<\/h3><div class=\"sd-content\"><ul><li class=\"share-facebook\"><div class=\"fb-share-button\" data-href=\"http:\/\/www.michael-schumacher.es\/noticias-f1\/2013\/05\/12\/balance-gp-de-espana-montmelo-2013-mercedes\/\" data-layout=\"button_count\"><\/div><\/li><li class=\"share-twitter\"><a href=\"https:\/\/twitter.com\/share\" class=\"twitter-share-button\" data-url=\"http:\/\/www.michael-schumacher.es\/noticias-f1\/2013\/05\/12\/balance-gp-de-espana-montmelo-2013-mercedes\/\" data-text=\" Balance GP de Espa\u00f1a, Montmel\u00f3 2013. Mercedes\"  >Tweet<\/a><\/li><li class=\"share-email\"><a rel=\"nofollow noopener noreferrer\" data-shared=\"\" class=\"share-email sd-button\" href=\"http:\/\/www.michael-schumacher.es\/noticias-f1\/2013\/05\/12\/balance-gp-de-espana-montmelo-2013-mercedes\/?share=email\" target=\"_blank\" title=\"Haz clic para enviar por correo electr\u00f3nico a un amigo\"><span>Correo electr\u00f3nico<\/span><\/a><\/li><li class=\"share-end\"><\/li><\/ul><\/div><\/div><\/div>","protected":false},"excerpt":{"rendered":"<p>El equipo Mercedes nuevamente ha tenido una decepcionante carrera en el Gran Premio de Espa\u00f1a, aunque ya es habitual que en carrera el rendimiento del Mercedes sea malo, es especialmente dram\u00e1tico hoy cuando ambos pilotos del equipo sal\u00edan primero y segundo para perder varias posiciones, aunque al menos este a\u00f1o han mejorado significativamente en calificaci\u00f3n, [&hellip;]<\/p>\n<div class=\"sharedaddy sd-sharing-enabled\"><div class=\"robots-nocontent sd-block sd-social sd-social-official sd-sharing\"><h3 class=\"sd-title\">Opciones Sociales:<\/h3><div class=\"sd-content\"><ul><li class=\"share-facebook\"><div class=\"fb-share-button\" data-href=\"http:\/\/www.michael-schumacher.es\/noticias-f1\/2013\/05\/12\/balance-gp-de-espana-montmelo-2013-mercedes\/\" data-layout=\"button_count\"><\/div><\/li><li class=\"share-twitter\"><a href=\"https:\/\/twitter.com\/share\" class=\"twitter-share-button\" data-url=\"http:\/\/www.michael-schumacher.es\/noticias-f1\/2013\/05\/12\/balance-gp-de-espana-montmelo-2013-mercedes\/\" data-text=\" Balance GP de Espa\u00f1a, Montmel\u00f3 2013. Mercedes\"  >Tweet<\/a><\/li><li class=\"share-email\"><a rel=\"nofollow noopener noreferrer\" data-shared=\"\" class=\"share-email sd-button\" href=\"http:\/\/www.michael-schumacher.es\/noticias-f1\/2013\/05\/12\/balance-gp-de-espana-montmelo-2013-mercedes\/?share=email\" target=\"_blank\" title=\"Haz clic para enviar por correo electr\u00f3nico a un amigo\"><span>Correo electr\u00f3nico<\/span><\/a><\/li><li class=\"share-end\"><\/li><\/ul><\/div><\/div><\/div>","protected":false},"author":3,"featured_media":0,"comment_status":"open","ping_status":"open","sticky":false,"template":"","format":"standard","meta":{"_monsterinsights_skip_tracking":false,"_monsterinsights_sitenote_active":false,"_monsterinsights_sitenote_note":"","_monsterinsights_sitenote_category":0,"spay_email":"","jetpack_publicize_message":"","jetpack_is_tweetstorm":false,"jetpack_publicize_feature_enabled":true},"categories":[4,3],"tags":[373,401,3388,315,3380,189,17,15,6,8,11,10,308,186,1400,259,238],"jetpack_featured_media_url":"","jetpack_publicize_connections":[],"jetpack_sharing_enabled":true,"jetpack_shortlink":"https:\/\/wp.me\/p27q3P-2xM","_links":{"self":[{"href":"http:\/\/www.michael-schumacher.es\/noticias-f1\/wp-json\/wp\/v2\/posts\/9782"}],"collection":[{"href":"http:\/\/www.michael-schumacher.es\/noticias-f1\/wp-json\/wp\/v2\/posts"}],"about":[{"href":"http:\/\/www.michael-schumacher.es\/noticias-f1\/wp-json\/wp\/v2\/types\/post"}],"author":[{"embeddable":true,"href":"http:\/\/www.michael-schumacher.es\/noticias-f1\/wp-json\/wp\/v2\/users\/3"}],"replies":[{"embeddable":true,"href":"http:\/\/www.michael-schumacher.es\/noticias-f1\/wp-json\/wp\/v2\/comments?post=9782"}],"version-history":[{"count":0,"href":"http:\/\/www.michael-schumacher.es\/noticias-f1\/wp-json\/wp\/v2\/posts\/9782\/revisions"}],"wp:attachment":[{"href":"http:\/\/www.michael-schumacher.es\/noticias-f1\/wp-json\/wp\/v2\/media?parent=9782"}],"wp:term":[{"taxonomy":"category","embeddable":true,"href":"http:\/\/www.michael-schumacher.es\/noticias-f1\/wp-json\/wp\/v2\/categories?post=9782"},{"taxonomy":"post_tag","embeddable":true,"href":"http:\/\/www.michael-schumacher.es\/noticias-f1\/wp-json\/wp\/v2\/tags?post=9782"}],"curies":[{"name":"wp","href":"https:\/\/api.w.org\/{rel}","templated":true}]}}