{"id":9792,"date":"2013-05-12T22:17:32","date_gmt":"2013-05-12T20:17:32","guid":{"rendered":"http:\/\/www.michael-schumacher.es\/noticias-f1\/?p=9792"},"modified":"2013-05-19T00:41:22","modified_gmt":"2013-05-18T22:41:22","slug":"fernando-alonso-gana-el-gran-premio-de-espana-2013","status":"publish","type":"post","link":"http:\/\/www.michael-schumacher.es\/noticias-f1\/2013\/05\/12\/fernando-alonso-gana-el-gran-premio-de-espana-2013\/","title":{"rendered":"Fernando Alonso gana el Gran Premio de Espa\u00f1a 2013"},"content":{"rendered":"<p><a href=\"http:\/\/www.michael-schumacher.es\/noticias-f1\/wp-content\/uploads\/2013\/02\/fernando_alonso_3_dia_test.jpg\"><img loading=\"lazy\" class=\"alignleft\" alt=\"Fernando Alonso - 3 Dia Test - Montmelo\" src=\"http:\/\/www.michael-schumacher.es\/noticias-f1\/wp-content\/uploads\/2013\/02\/fernando_alonso_3_dia_test.jpg\" width=\"200\" height=\"102\" \/><\/a>Kimi Raikkonen con su Lotus ha sido segundo\u00a0 y Felipe Massa compa\u00f1ero de Alonso en Ferrari, ha sido el tercero en cruzar la l\u00ednea de meta del Circuito de Montmelo en Barcelona, donde se ha disputado el Gran Premio de Espa\u00f1a<\/p>\n<p><!--more--> <!--noteaser--><\/p>\n<p><a href=\"http:\/\/www.michael-schumacher.es\/noticias-f1\/wp-content\/uploads\/2013\/02\/fernando_alonso_3_dia_test.jpg\"><img loading=\"lazy\" class=\"aligncenter size-full wp-image-8024\" alt=\"Fernando Alonso - 3 Dia Test - Montmelo\" src=\"http:\/\/www.michael-schumacher.es\/noticias-f1\/wp-content\/uploads\/2013\/02\/fernando_alonso_3_dia_test.jpg\" width=\"660\" height=\"337\" srcset=\"http:\/\/www.michael-schumacher.es\/noticias-f1\/wp-content\/uploads\/2013\/02\/fernando_alonso_3_dia_test.jpg 660w, http:\/\/www.michael-schumacher.es\/noticias-f1\/wp-content\/uploads\/2013\/02\/fernando_alonso_3_dia_test-300x153.jpg 300w\" sizes=\"(max-width: 660px) 100vw, 660px\" \/><\/a><\/p>\n<p>&nbsp;<\/p>\n<p>Kimi Raikkonen con su Lotus ha sido segundo\u00a0 y Felipe Massa compa\u00f1ero de Alonso en Ferrari, ha sido el tercero en cruzar la l\u00ednea de meta del Circuito de Montmelo en Barcelona, donde se ha disputado el Gran Premio de Espa\u00f1a<\/p>\n<p>&nbsp;<\/p>\n<p>Sebastian Vettel con el Red Bull, ha conseguido entrar en cuarta posici\u00f3n, lo que ha sido suficiente para seguir siendo el l\u00edder del campeonato. En quinta posici\u00f3n ha terminado su compa\u00f1ero Mark Webber. Nico Rosberg que sal\u00eda desde la pole solo consegu\u00eda entrar sexto, en s\u00e9ptima posici\u00f3n finalizaba Paul Di Resta con el Force India, octavo lograba terminar Jenson Button con su McLaren y noveno su compa\u00f1ero de equipo Sergio Perez, finalmente cerrando la clasificaci\u00f3n de los diez primeros, ha finalizado Daniel Ricciardo con el Toro Rosso<\/p>\n<p>&nbsp;<\/p>\n<p>Hay que destacar que durante las \u00faltimas temporadas, el piloto que sal\u00eda desde la pole se hac\u00eda con la victoria, pero en esta ocasi\u00f3n, los Mercedes de Rosberg y Hamilton, que sal\u00edan primero y segundo han finalizado 6\u00ba Rosberg y 12\u00ba Hamilton y doblado, confirmando que el equipo no mejora y sigue teniendo un mal rendimiento en carrera. Por el contrario Massa ha demostrado que se puede remontar en Barcelona, consiguiendo llegar al podio desde la novena posici\u00f3n en la que sal\u00eda el piloto y demostrando tambi\u00e9n que el Ferrari es de los monoplazas m\u00e1s competitivos del momento.<\/p>\n<p>Gran Premio de Espa\u00f1a 2013, resultados:<br \/>\n1. Fernando Alonso -Ferrari 1:39:16.596<br \/>\n2. Kimi Raikkonen -Lotus +00:09.338<br \/>\n3. Felipe Massa -Ferrari +00:26.049<br \/>\n4. Sebastian Vettel -Red Bull +00:38.273<br \/>\n5. Mark Webber -Red Bull +00:47.963<br \/>\n6. Nico Rosberg -Mercedes +01:08.020<br \/>\n7. Paul Di Resta -Force India +01:08.988<br \/>\n8. Jenson Button -McLaren +01:19.506<br \/>\n9. Sergio P\u00e9rez -McLaren +01:21.738<br \/>\n10. Daniel Ricciardo -Toro Rosso 1 vuelta<br \/>\n11. Esteban Guti\u00e9rrez -Sauber 1 vuelta<br \/>\n12. Lewis Hamilton -Mercedes 1 vuelta<br \/>\n13. Adrian Sutil -Force India 1 vuelta<br \/>\n14. Pastor Maldonado -Williams 1 vuelta<br \/>\n15. Nico Hulkenberg -Sauber 1 vuelta<br \/>\n16. Valtteri Bottas -Williams 1 vuelta<br \/>\n17. Charles Pic -Caterham 1 vuelta<br \/>\n18. Jules Bianchi -Marussia 2 vueltas<br \/>\n19. Max Chilton -Marussia 2 vueltas<br \/>\nJean-Eric Vergne -Toro Rosso) Retirado<br \/>\nGiedo van der Garde -Caterham) Retirado<br \/>\nRomain Grosjean (Lotus) retirado<\/p>\n<div class=\"sharedaddy sd-sharing-enabled\"><div class=\"robots-nocontent sd-block sd-social sd-social-official sd-sharing\"><h3 class=\"sd-title\">Opciones Sociales:<\/h3><div class=\"sd-content\"><ul><li class=\"share-facebook\"><div class=\"fb-share-button\" data-href=\"http:\/\/www.michael-schumacher.es\/noticias-f1\/2013\/05\/12\/fernando-alonso-gana-el-gran-premio-de-espana-2013\/\" data-layout=\"button_count\"><\/div><\/li><li class=\"share-twitter\"><a href=\"https:\/\/twitter.com\/share\" class=\"twitter-share-button\" data-url=\"http:\/\/www.michael-schumacher.es\/noticias-f1\/2013\/05\/12\/fernando-alonso-gana-el-gran-premio-de-espana-2013\/\" data-text=\" Fernando Alonso gana el Gran Premio de Espa\u00f1a 2013\"  >Tweet<\/a><\/li><li class=\"share-email\"><a rel=\"nofollow noopener noreferrer\" data-shared=\"\" class=\"share-email sd-button\" href=\"http:\/\/www.michael-schumacher.es\/noticias-f1\/2013\/05\/12\/fernando-alonso-gana-el-gran-premio-de-espana-2013\/?share=email\" target=\"_blank\" title=\"Haz clic para enviar por correo electr\u00f3nico a un amigo\"><span>Correo electr\u00f3nico<\/span><\/a><\/li><li class=\"share-end\"><\/li><\/ul><\/div><\/div><\/div>","protected":false},"excerpt":{"rendered":"<p>Kimi Raikkonen con su Lotus ha sido segundo\u00a0 y Felipe Massa compa\u00f1ero de Alonso en Ferrari, ha sido el tercero en cruzar la l\u00ednea de meta del Circuito de Montmelo en Barcelona, donde se ha disputado el Gran Premio de Espa\u00f1a<\/p>\n<div class=\"sharedaddy sd-sharing-enabled\"><div class=\"robots-nocontent sd-block sd-social sd-social-official sd-sharing\"><h3 class=\"sd-title\">Opciones Sociales:<\/h3><div class=\"sd-content\"><ul><li class=\"share-facebook\"><div class=\"fb-share-button\" data-href=\"http:\/\/www.michael-schumacher.es\/noticias-f1\/2013\/05\/12\/fernando-alonso-gana-el-gran-premio-de-espana-2013\/\" data-layout=\"button_count\"><\/div><\/li><li class=\"share-twitter\"><a href=\"https:\/\/twitter.com\/share\" class=\"twitter-share-button\" data-url=\"http:\/\/www.michael-schumacher.es\/noticias-f1\/2013\/05\/12\/fernando-alonso-gana-el-gran-premio-de-espana-2013\/\" data-text=\" Fernando Alonso gana el Gran Premio de Espa\u00f1a 2013\"  >Tweet<\/a><\/li><li class=\"share-email\"><a rel=\"nofollow noopener noreferrer\" data-shared=\"\" class=\"share-email sd-button\" href=\"http:\/\/www.michael-schumacher.es\/noticias-f1\/2013\/05\/12\/fernando-alonso-gana-el-gran-premio-de-espana-2013\/?share=email\" target=\"_blank\" title=\"Haz clic para enviar por correo electr\u00f3nico a un amigo\"><span>Correo electr\u00f3nico<\/span><\/a><\/li><li class=\"share-end\"><\/li><\/ul><\/div><\/div><\/div>","protected":false},"author":3,"featured_media":0,"comment_status":"open","ping_status":"open","sticky":false,"template":"","format":"standard","meta":{"_monsterinsights_skip_tracking":false,"_monsterinsights_sitenote_active":false,"_monsterinsights_sitenote_note":"","_monsterinsights_sitenote_category":0,"spay_email":"","jetpack_publicize_message":"","jetpack_is_tweetstorm":false,"jetpack_publicize_feature_enabled":true},"categories":[3],"tags":[105,315,374,189,17,104,141,15,6,8,186,21],"jetpack_featured_media_url":"","jetpack_publicize_connections":[],"jetpack_sharing_enabled":true,"jetpack_shortlink":"https:\/\/wp.me\/p27q3P-2xW","_links":{"self":[{"href":"http:\/\/www.michael-schumacher.es\/noticias-f1\/wp-json\/wp\/v2\/posts\/9792"}],"collection":[{"href":"http:\/\/www.michael-schumacher.es\/noticias-f1\/wp-json\/wp\/v2\/posts"}],"about":[{"href":"http:\/\/www.michael-schumacher.es\/noticias-f1\/wp-json\/wp\/v2\/types\/post"}],"author":[{"embeddable":true,"href":"http:\/\/www.michael-schumacher.es\/noticias-f1\/wp-json\/wp\/v2\/users\/3"}],"replies":[{"embeddable":true,"href":"http:\/\/www.michael-schumacher.es\/noticias-f1\/wp-json\/wp\/v2\/comments?post=9792"}],"version-history":[{"count":0,"href":"http:\/\/www.michael-schumacher.es\/noticias-f1\/wp-json\/wp\/v2\/posts\/9792\/revisions"}],"wp:attachment":[{"href":"http:\/\/www.michael-schumacher.es\/noticias-f1\/wp-json\/wp\/v2\/media?parent=9792"}],"wp:term":[{"taxonomy":"category","embeddable":true,"href":"http:\/\/www.michael-schumacher.es\/noticias-f1\/wp-json\/wp\/v2\/categories?post=9792"},{"taxonomy":"post_tag","embeddable":true,"href":"http:\/\/www.michael-schumacher.es\/noticias-f1\/wp-json\/wp\/v2\/tags?post=9792"}],"curies":[{"name":"wp","href":"https:\/\/api.w.org\/{rel}","templated":true}]}}