{"id":9805,"date":"2013-05-14T14:58:53","date_gmt":"2013-05-14T12:58:53","guid":{"rendered":"http:\/\/www.michael-schumacher.es\/noticias-f1\/?p=9805"},"modified":"2013-05-19T14:59:11","modified_gmt":"2013-05-19T12:59:11","slug":"ecclestone-tambien-quiere-cambios-en-los-neumaticos-pirelli","status":"publish","type":"post","link":"http:\/\/www.michael-schumacher.es\/noticias-f1\/2013\/05\/14\/ecclestone-tambien-quiere-cambios-en-los-neumaticos-pirelli\/","title":{"rendered":"Ecclestone tambi\u00e9n quiere cambios en los neum\u00e1ticos Pirelli"},"content":{"rendered":"<p><a href=\"http:\/\/www.michael-schumacher.es\/noticias-f1\/wp-content\/uploads\/2013\/04\/bernie_ecclestone_david_sarro.jpg\"><img loading=\"lazy\" class=\"alignleft\" alt=\"Bernie Ecclestone - David Sarr\u00f3\" src=\"http:\/\/www.michael-schumacher.es\/noticias-f1\/wp-content\/uploads\/2013\/04\/bernie_ecclestone_david_sarro.jpg\" width=\"201\" height=\"133\" \/><\/a>Pese a que Bernie Ecclestone, ha sido un defensor de Pirelli desde su llegada a la F1 en 2011, el resultado que est\u00e1n ofreciendo en los compuestos de esta temporada, tal como se ha comprobado tambi\u00e9n en el Gran Premio de Espa\u00f1a, donde la mayor\u00eda de los equipos se vieron obligados a hacer cuatro paradas, ahora es critico con estos neum\u00e1ticos y considera que no son buenos.<\/p>\n<p><!--more--> <!--noteaser--><\/p>\n<p><a href=\"http:\/\/www.michael-schumacher.es\/noticias-f1\/wp-content\/uploads\/2013\/04\/bernie_ecclestone_david_sarro.jpg\"><img loading=\"lazy\" class=\"aligncenter size-full wp-image-9344\" alt=\"Bernie Ecclestone - David Sarr\u00f3\" src=\"http:\/\/www.michael-schumacher.es\/noticias-f1\/wp-content\/uploads\/2013\/04\/bernie_ecclestone_david_sarro.jpg\" width=\"650\" height=\"432\" srcset=\"http:\/\/www.michael-schumacher.es\/noticias-f1\/wp-content\/uploads\/2013\/04\/bernie_ecclestone_david_sarro.jpg 650w, http:\/\/www.michael-schumacher.es\/noticias-f1\/wp-content\/uploads\/2013\/04\/bernie_ecclestone_david_sarro-300x199.jpg 300w\" sizes=\"(max-width: 650px) 100vw, 650px\" \/><\/a><\/p>\n<p>&nbsp;<\/p>\n<p>Pese a que Bernie Ecclestone, ha sido un defensor de Pirelli desde su llegada a la F1 en 2011, el resultado que est\u00e1n ofreciendo en los compuestos de esta temporada, tal como se ha comprobado tambi\u00e9n en el Gran Premio de Espa\u00f1a, donde la mayor\u00eda de los equipos se vieron obligados a hacer cuatro paradas, ahora es critico con estos neum\u00e1ticos y considera que no son buenos.<\/p>\n<p>&nbsp;<\/p>\n<p>Pese a que Bernie Ecclestone, ha sido un defensor de Pirelli desde su llegada a la F1 en 2011, el resultado que est\u00e1n ofreciendo en los compuestos de esta temporada, tal como se ha comprobado tambi\u00e9n en el Gran Premio de Espa\u00f1a, donde la mayor\u00eda de los equipos se vieron obligados a hacer cuatro paradas, ahora es critico con estos neum\u00e1ticos y considera que no son buenos.<\/p>\n<p>&nbsp;<\/p>\n<p>Ecclestone, es muy claro en su cr\u00edtica, no son buenos y no es lo que se les pidi\u00f3:<strong> \u00abLos neum\u00e1ticos no son buenas, no es lo que quer\u00edamos cuando pedimos a Pirelli para hacer un neum\u00e1tico, algo que han hecho en mitad de carrera.\u00bb.<\/strong><br \/>\nIncluso el m\u00e1ximo responsable de Pirelli, Paul Hembery, ha reconocido que cuatro paradas en el Gran Premio de Espa\u00f1a es demasiado y que lo van a revisar para Silverstone.<\/p>\n<p>&nbsp;<\/p>\n<p>Ecclestone considera que Pirelli va a hacer algo al respecto y volver\u00e1n al tipo de gomas del 2012:<strong> \u00abPirelli ha sido consciente de la situaci\u00f3n y que se har\u00e1 cargo. Vamos a volver al tipo de los neum\u00e1ticos del a\u00f1o pasado, lo que nos permiti\u00f3 ver una competici\u00f3n muy fuerte.\u00bb<\/strong><\/p>\n<p>&nbsp;<\/p>\n<p>&nbsp;<\/p>\n<div class=\"sharedaddy sd-sharing-enabled\"><div class=\"robots-nocontent sd-block sd-social sd-social-official sd-sharing\"><h3 class=\"sd-title\">Opciones Sociales:<\/h3><div class=\"sd-content\"><ul><li class=\"share-facebook\"><div class=\"fb-share-button\" data-href=\"http:\/\/www.michael-schumacher.es\/noticias-f1\/2013\/05\/14\/ecclestone-tambien-quiere-cambios-en-los-neumaticos-pirelli\/\" data-layout=\"button_count\"><\/div><\/li><li class=\"share-twitter\"><a href=\"https:\/\/twitter.com\/share\" class=\"twitter-share-button\" data-url=\"http:\/\/www.michael-schumacher.es\/noticias-f1\/2013\/05\/14\/ecclestone-tambien-quiere-cambios-en-los-neumaticos-pirelli\/\" data-text=\"Ecclestone tambi\u00e9n quiere cambios en los neum\u00e1ticos Pirelli\"  >Tweet<\/a><\/li><li class=\"share-email\"><a rel=\"nofollow noopener noreferrer\" data-shared=\"\" class=\"share-email sd-button\" href=\"http:\/\/www.michael-schumacher.es\/noticias-f1\/2013\/05\/14\/ecclestone-tambien-quiere-cambios-en-los-neumaticos-pirelli\/?share=email\" target=\"_blank\" title=\"Haz clic para enviar por correo electr\u00f3nico a un amigo\"><span>Correo electr\u00f3nico<\/span><\/a><\/li><li class=\"share-end\"><\/li><\/ul><\/div><\/div><\/div>","protected":false},"excerpt":{"rendered":"<p>Pese a que Bernie Ecclestone, ha sido un defensor de Pirelli desde su llegada a la F1 en 2011, el resultado que est\u00e1n ofreciendo en los compuestos de esta temporada, tal como se ha comprobado tambi\u00e9n en el Gran Premio de Espa\u00f1a, donde la mayor\u00eda de los equipos se vieron obligados a hacer cuatro paradas, [&hellip;]<\/p>\n<div class=\"sharedaddy sd-sharing-enabled\"><div class=\"robots-nocontent sd-block sd-social sd-social-official sd-sharing\"><h3 class=\"sd-title\">Opciones Sociales:<\/h3><div class=\"sd-content\"><ul><li class=\"share-facebook\"><div class=\"fb-share-button\" data-href=\"http:\/\/www.michael-schumacher.es\/noticias-f1\/2013\/05\/14\/ecclestone-tambien-quiere-cambios-en-los-neumaticos-pirelli\/\" data-layout=\"button_count\"><\/div><\/li><li class=\"share-twitter\"><a href=\"https:\/\/twitter.com\/share\" class=\"twitter-share-button\" data-url=\"http:\/\/www.michael-schumacher.es\/noticias-f1\/2013\/05\/14\/ecclestone-tambien-quiere-cambios-en-los-neumaticos-pirelli\/\" data-text=\"Ecclestone tambi\u00e9n quiere cambios en los neum\u00e1ticos Pirelli\"  >Tweet<\/a><\/li><li class=\"share-email\"><a rel=\"nofollow noopener noreferrer\" data-shared=\"\" class=\"share-email sd-button\" href=\"http:\/\/www.michael-schumacher.es\/noticias-f1\/2013\/05\/14\/ecclestone-tambien-quiere-cambios-en-los-neumaticos-pirelli\/?share=email\" target=\"_blank\" title=\"Haz clic para enviar por correo electr\u00f3nico a un amigo\"><span>Correo electr\u00f3nico<\/span><\/a><\/li><li class=\"share-end\"><\/li><\/ul><\/div><\/div><\/div>","protected":false},"author":3,"featured_media":0,"comment_status":"open","ping_status":"open","sticky":false,"template":"","format":"standard","meta":{"_monsterinsights_skip_tracking":false,"_monsterinsights_sitenote_active":false,"_monsterinsights_sitenote_note":"","_monsterinsights_sitenote_category":0,"spay_email":"","jetpack_publicize_message":"","jetpack_is_tweetstorm":false,"jetpack_publicize_feature_enabled":true},"categories":[3],"tags":[432,3399,288,2318,431,17,15,218,223,1680],"jetpack_featured_media_url":"","jetpack_publicize_connections":[],"jetpack_sharing_enabled":true,"jetpack_shortlink":"https:\/\/wp.me\/p27q3P-2y9","_links":{"self":[{"href":"http:\/\/www.michael-schumacher.es\/noticias-f1\/wp-json\/wp\/v2\/posts\/9805"}],"collection":[{"href":"http:\/\/www.michael-schumacher.es\/noticias-f1\/wp-json\/wp\/v2\/posts"}],"about":[{"href":"http:\/\/www.michael-schumacher.es\/noticias-f1\/wp-json\/wp\/v2\/types\/post"}],"author":[{"embeddable":true,"href":"http:\/\/www.michael-schumacher.es\/noticias-f1\/wp-json\/wp\/v2\/users\/3"}],"replies":[{"embeddable":true,"href":"http:\/\/www.michael-schumacher.es\/noticias-f1\/wp-json\/wp\/v2\/comments?post=9805"}],"version-history":[{"count":0,"href":"http:\/\/www.michael-schumacher.es\/noticias-f1\/wp-json\/wp\/v2\/posts\/9805\/revisions"}],"wp:attachment":[{"href":"http:\/\/www.michael-schumacher.es\/noticias-f1\/wp-json\/wp\/v2\/media?parent=9805"}],"wp:term":[{"taxonomy":"category","embeddable":true,"href":"http:\/\/www.michael-schumacher.es\/noticias-f1\/wp-json\/wp\/v2\/categories?post=9805"},{"taxonomy":"post_tag","embeddable":true,"href":"http:\/\/www.michael-schumacher.es\/noticias-f1\/wp-json\/wp\/v2\/tags?post=9805"}],"curies":[{"name":"wp","href":"https:\/\/api.w.org\/{rel}","templated":true}]}}