{"id":9809,"date":"2013-05-15T20:07:43","date_gmt":"2013-05-15T18:07:43","guid":{"rendered":"http:\/\/www.michael-schumacher.es\/noticias-f1\/?p=9809"},"modified":"2013-05-19T15:09:21","modified_gmt":"2013-05-19T13:09:21","slug":"pirelli-adelanta-sus-cambios-a-canada","status":"publish","type":"post","link":"http:\/\/www.michael-schumacher.es\/noticias-f1\/2013\/05\/15\/pirelli-adelanta-sus-cambios-a-canada\/","title":{"rendered":"Pirelli adelanta sus cambios a Canad\u00e1"},"content":{"rendered":"<p><a href=\"http:\/\/www.michael-schumacher.es\/noticias-f1\/wp-content\/uploads\/2013\/03\/pirelli-motorhome.jpg\"><img loading=\"lazy\" class=\"alignleft\" alt=\"pirelli-motorhome\" src=\"http:\/\/www.michael-schumacher.es\/noticias-f1\/wp-content\/uploads\/2013\/03\/pirelli-motorhome.jpg\" width=\"199\" height=\"149\" \/><\/a>Pirelli ha comenzado las reuniones en Mil\u00e1n, despu\u00e9s de anunciar en el Gran Premio de Espa\u00f1a que se har\u00edan cambios est\u00e1n decidiendo, dichos cambios y para cu\u00e1ndo y aunque en principio se dijo que ser\u00edan para el Gran Premio de Gran Breta\u00f1a del 30 de junio, Pirelli ha adelantado el inicio de estos cambios al Gran Premio de Canad\u00e1 que se celebrara el 9 de junio<\/p>\n<p><!--more--> <!--noteaser--><\/p>\n<p><a href=\"http:\/\/www.michael-schumacher.es\/noticias-f1\/wp-content\/uploads\/2013\/03\/pirelli-motorhome.jpg\"><img loading=\"lazy\" class=\"aligncenter size-full wp-image-8460\" alt=\"pirelli-motorhome\" src=\"http:\/\/www.michael-schumacher.es\/noticias-f1\/wp-content\/uploads\/2013\/03\/pirelli-motorhome.jpg\" width=\"650\" height=\"487\" srcset=\"http:\/\/www.michael-schumacher.es\/noticias-f1\/wp-content\/uploads\/2013\/03\/pirelli-motorhome.jpg 650w, http:\/\/www.michael-schumacher.es\/noticias-f1\/wp-content\/uploads\/2013\/03\/pirelli-motorhome-300x224.jpg 300w\" sizes=\"(max-width: 650px) 100vw, 650px\" \/><\/a><\/p>\n<p>&nbsp;<\/p>\n<p>Pirelli ha comenzado las reuniones en Mil\u00e1n, despu\u00e9s de anunciar en el Gran Premio de Espa\u00f1a que se har\u00edan cambios est\u00e1n decidiendo, dichos cambios y para cu\u00e1ndo y aunque en principio se dijo que ser\u00edan para el Gran Premio de Gran Breta\u00f1a del 30 de junio, Pirelli ha adelantado el inicio de estos cambios al Gran Premio de Canad\u00e1 que se celebrara el 9 de junio<\/p>\n<p>&nbsp;<\/p>\n<p>Es Paul Hembery el responsable de Pirelli, ha confirmado la informaci\u00f3n: <strong>\u00bb Vamos a introducir nuestros nuevos neum\u00e1ticos desde el GP de Canad\u00e1 se har\u00e1n cambios para volver a dos y tres paradas. Algunos de los cambios ser\u00e1n estructurales combinando los productos de 2012 y 2013&#8243;.<\/strong><\/p>\n<p>&nbsp;<\/p>\n<p>Paul Hembery tambi\u00e9n responde que estos cambios no beneficiaran a un equipo en particular: <strong>\u00abSe ha expresado preocupaci\u00f3n por algunos equipos que estos cambios, promuevan un equipo en particular (Red Bull), pero no creo que lo haga. Estos cambios ser\u00e1n para nosotros, no para los dem\u00e1s. Debemos restaurar equilibrio en las paradas en boxes. No queremos reaccionar de forma exagerada debido a que algunos equipos trabajaron para usar correctamente los neum\u00e1ticos\u201d.<\/strong><\/p>\n<p>&nbsp;<\/p>\n<p>Hembery tambi\u00e9n dijo que no hab\u00eda tenido m\u00e1s presi\u00f3n de Red Bull: <strong>\u00abEsperamos que no, pero siempre se corre el riesgo, por supuesto, Algunos dicen que ten\u00eda la presi\u00f3n de los Red Bull, pero no fue excesiva Christian Horner, no dijo m\u00e1s de lo dicho en los medios de comunicaci\u00f3n sobre el tema\u00bb.<\/strong><\/p>\n<p>&nbsp;<\/p>\n<p>&nbsp;<\/p>\n<div class=\"sharedaddy sd-sharing-enabled\"><div class=\"robots-nocontent sd-block sd-social sd-social-official sd-sharing\"><h3 class=\"sd-title\">Opciones Sociales:<\/h3><div class=\"sd-content\"><ul><li class=\"share-facebook\"><div class=\"fb-share-button\" data-href=\"http:\/\/www.michael-schumacher.es\/noticias-f1\/2013\/05\/15\/pirelli-adelanta-sus-cambios-a-canada\/\" data-layout=\"button_count\"><\/div><\/li><li class=\"share-twitter\"><a href=\"https:\/\/twitter.com\/share\" class=\"twitter-share-button\" data-url=\"http:\/\/www.michael-schumacher.es\/noticias-f1\/2013\/05\/15\/pirelli-adelanta-sus-cambios-a-canada\/\" data-text=\"Pirelli adelanta sus cambios a Canad\u00e1\"  >Tweet<\/a><\/li><li class=\"share-email\"><a rel=\"nofollow noopener noreferrer\" data-shared=\"\" class=\"share-email sd-button\" href=\"http:\/\/www.michael-schumacher.es\/noticias-f1\/2013\/05\/15\/pirelli-adelanta-sus-cambios-a-canada\/?share=email\" target=\"_blank\" title=\"Haz clic para enviar por correo electr\u00f3nico a un amigo\"><span>Correo electr\u00f3nico<\/span><\/a><\/li><li class=\"share-end\"><\/li><\/ul><\/div><\/div><\/div>","protected":false},"excerpt":{"rendered":"<p>Pirelli ha comenzado las reuniones en Mil\u00e1n, despu\u00e9s de anunciar en el Gran Premio de Espa\u00f1a que se har\u00edan cambios est\u00e1n decidiendo, dichos cambios y para cu\u00e1ndo y aunque en principio se dijo que ser\u00edan para el Gran Premio de Gran Breta\u00f1a del 30 de junio, Pirelli ha adelantado el inicio de estos cambios al [&hellip;]<\/p>\n<div class=\"sharedaddy sd-sharing-enabled\"><div class=\"robots-nocontent sd-block sd-social sd-social-official sd-sharing\"><h3 class=\"sd-title\">Opciones Sociales:<\/h3><div class=\"sd-content\"><ul><li class=\"share-facebook\"><div class=\"fb-share-button\" data-href=\"http:\/\/www.michael-schumacher.es\/noticias-f1\/2013\/05\/15\/pirelli-adelanta-sus-cambios-a-canada\/\" data-layout=\"button_count\"><\/div><\/li><li class=\"share-twitter\"><a href=\"https:\/\/twitter.com\/share\" class=\"twitter-share-button\" data-url=\"http:\/\/www.michael-schumacher.es\/noticias-f1\/2013\/05\/15\/pirelli-adelanta-sus-cambios-a-canada\/\" data-text=\"Pirelli adelanta sus cambios a Canad\u00e1\"  >Tweet<\/a><\/li><li class=\"share-email\"><a rel=\"nofollow noopener noreferrer\" data-shared=\"\" class=\"share-email sd-button\" href=\"http:\/\/www.michael-schumacher.es\/noticias-f1\/2013\/05\/15\/pirelli-adelanta-sus-cambios-a-canada\/?share=email\" target=\"_blank\" title=\"Haz clic para enviar por correo electr\u00f3nico a un amigo\"><span>Correo electr\u00f3nico<\/span><\/a><\/li><li class=\"share-end\"><\/li><\/ul><\/div><\/div><\/div>","protected":false},"author":3,"featured_media":0,"comment_status":"open","ping_status":"open","sticky":false,"template":"","format":"standard","meta":{"_monsterinsights_skip_tracking":false,"_monsterinsights_sitenote_active":false,"_monsterinsights_sitenote_note":"","_monsterinsights_sitenote_category":0,"spay_email":"","jetpack_publicize_message":"","jetpack_is_tweetstorm":false,"jetpack_publicize_feature_enabled":true},"categories":[3],"tags":[3403,288,417,17,15,218,223,338],"jetpack_featured_media_url":"","jetpack_publicize_connections":[],"jetpack_sharing_enabled":true,"jetpack_shortlink":"https:\/\/wp.me\/p27q3P-2yd","_links":{"self":[{"href":"http:\/\/www.michael-schumacher.es\/noticias-f1\/wp-json\/wp\/v2\/posts\/9809"}],"collection":[{"href":"http:\/\/www.michael-schumacher.es\/noticias-f1\/wp-json\/wp\/v2\/posts"}],"about":[{"href":"http:\/\/www.michael-schumacher.es\/noticias-f1\/wp-json\/wp\/v2\/types\/post"}],"author":[{"embeddable":true,"href":"http:\/\/www.michael-schumacher.es\/noticias-f1\/wp-json\/wp\/v2\/users\/3"}],"replies":[{"embeddable":true,"href":"http:\/\/www.michael-schumacher.es\/noticias-f1\/wp-json\/wp\/v2\/comments?post=9809"}],"version-history":[{"count":0,"href":"http:\/\/www.michael-schumacher.es\/noticias-f1\/wp-json\/wp\/v2\/posts\/9809\/revisions"}],"wp:attachment":[{"href":"http:\/\/www.michael-schumacher.es\/noticias-f1\/wp-json\/wp\/v2\/media?parent=9809"}],"wp:term":[{"taxonomy":"category","embeddable":true,"href":"http:\/\/www.michael-schumacher.es\/noticias-f1\/wp-json\/wp\/v2\/categories?post=9809"},{"taxonomy":"post_tag","embeddable":true,"href":"http:\/\/www.michael-schumacher.es\/noticias-f1\/wp-json\/wp\/v2\/tags?post=9809"}],"curies":[{"name":"wp","href":"https:\/\/api.w.org\/{rel}","templated":true}]}}