{"id":9857,"date":"2013-05-18T18:21:52","date_gmt":"2013-05-18T16:21:52","guid":{"rendered":"http:\/\/www.michael-schumacher.es\/noticias-f1\/?p=9857"},"modified":"2013-05-19T18:22:46","modified_gmt":"2013-05-19T16:22:46","slug":"whitmarsh-es-una-gran-noticia-dar-la-bienvenida-a-honda","status":"publish","type":"post","link":"http:\/\/www.michael-schumacher.es\/noticias-f1\/2013\/05\/18\/whitmarsh-es-una-gran-noticia-dar-la-bienvenida-a-honda\/","title":{"rendered":"Whitmarsh: \u00abEs una gran noticia dar la bienvenida a Honda\u00bb"},"content":{"rendered":"<p><a href=\"http:\/\/www.michael-schumacher.es\/noticias-f1\/wp-content\/uploads\/2012\/09\/martin-whitmarsh-2.jpg\"><img loading=\"lazy\" class=\"alignleft\" alt=\"Martin Whitmarsh 2 \" src=\"http:\/\/www.michael-schumacher.es\/noticias-f1\/wp-content\/uploads\/2012\/09\/martin-whitmarsh-2.jpg\" width=\"200\" height=\"133\" \/><\/a>Whitmarsh ha dejado muy claro su alegr\u00eda por el regreso de Honda y lo emocionante del nuevo cap\u00edtulo que empezara para McLaren con Honda:<strong> \u00abEsta es una gran noticia para todo el mundo para poder dar la bienvenida a nueva Honda en la F1. Juntos vamos a embarcarnos en un nuevo y emocionante cap\u00edtulo en la historia de McLaren. Como Honda se caracteriza por su patrimonio automovilismo en la sociedad. Estamos encantados y orgullosos de unir fuerzas de nuevo para afrontar el reto de F1. Aunque somos conscientes de los retos del futuro, estamos muy comprometidos con el \u00e9xito de esta asociaci\u00f3n. Pasaremos los pr\u00f3ximos 18 meses trabajando en conjunto para competir en el primer Gran Premio juntos en 2015. Los nombres de los McLaren y Honda son sin\u00f3nimo de \u00e9xito en la F\u00f3rmula 1, y para todos aquellos que trabajan para las dos empresas, el peso de los resultados de los \u00faltimas logros cae en gran medida sobre los hombros. Sin embargo, es un signo de la ambici\u00f3n de impulsar nuevo McLaren-Honda en la parte superior de la F1. Tenemos una gran historia en com\u00fan y estamos decididos a continuar\u201d.<\/strong><\/p>\n<p><!--more--> <!--noteaser--><\/p>\n<p><a href=\"http:\/\/www.michael-schumacher.es\/noticias-f1\/wp-content\/uploads\/2012\/09\/martin-whitmarsh-2.jpg\"><img loading=\"lazy\" class=\"aligncenter size-full wp-image-4528\" alt=\"Martin Whitmarsh 2 \" src=\"http:\/\/www.michael-schumacher.es\/noticias-f1\/wp-content\/uploads\/2012\/09\/martin-whitmarsh-2.jpg\" width=\"610\" height=\"406\" srcset=\"http:\/\/www.michael-schumacher.es\/noticias-f1\/wp-content\/uploads\/2012\/09\/martin-whitmarsh-2.jpg 610w, http:\/\/www.michael-schumacher.es\/noticias-f1\/wp-content\/uploads\/2012\/09\/martin-whitmarsh-2-300x199.jpg 300w\" sizes=\"(max-width: 610px) 100vw, 610px\" \/><\/a><\/p>\n<p>&nbsp;<\/p>\n<p>Whitmarsh ha dejado muy claro su alegr\u00eda por el regreso de Honda y lo emocionante del nuevo cap\u00edtulo que empezara para McLaren con Honda:<strong> \u00abEsta es una gran noticia para todo el mundo para poder dar la bienvenida a nueva Honda en la F1. Juntos vamos a embarcarnos en un nuevo y emocionante cap\u00edtulo en la historia de McLaren. Como Honda se caracteriza por su patrimonio automovilismo en la sociedad. Estamos encantados y orgullosos de unir fuerzas de nuevo para afrontar el reto de F1. Aunque somos conscientes de los retos del futuro, estamos muy comprometidos con el \u00e9xito de esta asociaci\u00f3n. Pasaremos los pr\u00f3ximos 18 meses trabajando en conjunto para competir en el primer Gran Premio juntos en 2015. Los nombres de los McLaren y Honda son sin\u00f3nimo de \u00e9xito en la F\u00f3rmula 1, y para todos aquellos que trabajan para las dos empresas, el peso de los resultados de los \u00faltimas logros cae en gran medida sobre los hombros. Sin embargo, es un signo de la ambici\u00f3n de impulsar nuevo McLaren-Honda en la parte superior de la F1. Tenemos una gran historia en com\u00fan y estamos decididos a continuar\u201d.<\/strong><\/p>\n<p>&nbsp;<\/p>\n<p>El jefe de McLaren, Martin Whitmarsh, tambi\u00e9n hablo del final de su exitosa y larga relaci\u00f3n con Mercedes y su intenci\u00f3n de seguir con implicaci\u00f3n total hasta final del 2014: <strong>\u00abHasta de finales de 2014, mantendremos nuestra implicaci\u00f3n total con Mercedes, nuestro socio de larga tiempo, para los que tenemos el m\u00e1ximo respeto y con quienes trabajamos manera inteligente y profesional hasta el final. McLaren Mercedes ha ganado 78 Grandes Premios y cuatro t\u00edtulos. Queremos terminar de la misma manera, ganando\u201d.<\/strong><\/p>\n<p>&nbsp;<\/p>\n<p>&nbsp;<\/p>\n<div class=\"sharedaddy sd-sharing-enabled\"><div class=\"robots-nocontent sd-block sd-social sd-social-official sd-sharing\"><h3 class=\"sd-title\">Opciones Sociales:<\/h3><div class=\"sd-content\"><ul><li class=\"share-facebook\"><div class=\"fb-share-button\" data-href=\"http:\/\/www.michael-schumacher.es\/noticias-f1\/2013\/05\/18\/whitmarsh-es-una-gran-noticia-dar-la-bienvenida-a-honda\/\" data-layout=\"button_count\"><\/div><\/li><li class=\"share-twitter\"><a href=\"https:\/\/twitter.com\/share\" class=\"twitter-share-button\" data-url=\"http:\/\/www.michael-schumacher.es\/noticias-f1\/2013\/05\/18\/whitmarsh-es-una-gran-noticia-dar-la-bienvenida-a-honda\/\" data-text=\"Whitmarsh: &quot;Es una gran noticia dar la bienvenida a Honda&quot;\"  >Tweet<\/a><\/li><li class=\"share-email\"><a rel=\"nofollow noopener noreferrer\" data-shared=\"\" class=\"share-email sd-button\" href=\"http:\/\/www.michael-schumacher.es\/noticias-f1\/2013\/05\/18\/whitmarsh-es-una-gran-noticia-dar-la-bienvenida-a-honda\/?share=email\" target=\"_blank\" title=\"Haz clic para enviar por correo electr\u00f3nico a un amigo\"><span>Correo electr\u00f3nico<\/span><\/a><\/li><li class=\"share-end\"><\/li><\/ul><\/div><\/div><\/div>","protected":false},"excerpt":{"rendered":"<p>Whitmarsh ha dejado muy claro su alegr\u00eda por el regreso de Honda y lo emocionante del nuevo cap\u00edtulo que empezara para McLaren con Honda: \u00abEsta es una gran noticia para todo el mundo para poder dar la bienvenida a nueva Honda en la F1. Juntos vamos a embarcarnos en un nuevo y emocionante cap\u00edtulo en [&hellip;]<\/p>\n<div class=\"sharedaddy sd-sharing-enabled\"><div class=\"robots-nocontent sd-block sd-social sd-social-official sd-sharing\"><h3 class=\"sd-title\">Opciones Sociales:<\/h3><div class=\"sd-content\"><ul><li class=\"share-facebook\"><div class=\"fb-share-button\" data-href=\"http:\/\/www.michael-schumacher.es\/noticias-f1\/2013\/05\/18\/whitmarsh-es-una-gran-noticia-dar-la-bienvenida-a-honda\/\" data-layout=\"button_count\"><\/div><\/li><li class=\"share-twitter\"><a href=\"https:\/\/twitter.com\/share\" class=\"twitter-share-button\" data-url=\"http:\/\/www.michael-schumacher.es\/noticias-f1\/2013\/05\/18\/whitmarsh-es-una-gran-noticia-dar-la-bienvenida-a-honda\/\" data-text=\"Whitmarsh: &quot;Es una gran noticia dar la bienvenida a Honda&quot;\"  >Tweet<\/a><\/li><li class=\"share-email\"><a rel=\"nofollow noopener noreferrer\" data-shared=\"\" class=\"share-email sd-button\" href=\"http:\/\/www.michael-schumacher.es\/noticias-f1\/2013\/05\/18\/whitmarsh-es-una-gran-noticia-dar-la-bienvenida-a-honda\/?share=email\" target=\"_blank\" title=\"Haz clic para enviar por correo electr\u00f3nico a un amigo\"><span>Correo electr\u00f3nico<\/span><\/a><\/li><li class=\"share-end\"><\/li><\/ul><\/div><\/div><\/div>","protected":false},"author":3,"featured_media":0,"comment_status":"open","ping_status":"open","sticky":false,"template":"","format":"standard","meta":{"_monsterinsights_skip_tracking":false,"_monsterinsights_sitenote_active":false,"_monsterinsights_sitenote_note":"","_monsterinsights_sitenote_category":0,"spay_email":"","jetpack_publicize_message":"","jetpack_is_tweetstorm":false,"jetpack_publicize_feature_enabled":true},"categories":[3],"tags":[487,3415,381,17,15,3414,3405,115,138,606,1573,170],"jetpack_featured_media_url":"","jetpack_publicize_connections":[],"jetpack_sharing_enabled":true,"jetpack_shortlink":"https:\/\/wp.me\/p27q3P-2yZ","_links":{"self":[{"href":"http:\/\/www.michael-schumacher.es\/noticias-f1\/wp-json\/wp\/v2\/posts\/9857"}],"collection":[{"href":"http:\/\/www.michael-schumacher.es\/noticias-f1\/wp-json\/wp\/v2\/posts"}],"about":[{"href":"http:\/\/www.michael-schumacher.es\/noticias-f1\/wp-json\/wp\/v2\/types\/post"}],"author":[{"embeddable":true,"href":"http:\/\/www.michael-schumacher.es\/noticias-f1\/wp-json\/wp\/v2\/users\/3"}],"replies":[{"embeddable":true,"href":"http:\/\/www.michael-schumacher.es\/noticias-f1\/wp-json\/wp\/v2\/comments?post=9857"}],"version-history":[{"count":0,"href":"http:\/\/www.michael-schumacher.es\/noticias-f1\/wp-json\/wp\/v2\/posts\/9857\/revisions"}],"wp:attachment":[{"href":"http:\/\/www.michael-schumacher.es\/noticias-f1\/wp-json\/wp\/v2\/media?parent=9857"}],"wp:term":[{"taxonomy":"category","embeddable":true,"href":"http:\/\/www.michael-schumacher.es\/noticias-f1\/wp-json\/wp\/v2\/categories?post=9857"},{"taxonomy":"post_tag","embeddable":true,"href":"http:\/\/www.michael-schumacher.es\/noticias-f1\/wp-json\/wp\/v2\/tags?post=9857"}],"curies":[{"name":"wp","href":"https:\/\/api.w.org\/{rel}","templated":true}]}}