{"id":9943,"date":"2013-05-20T00:01:56","date_gmt":"2013-05-19T22:01:56","guid":{"rendered":"http:\/\/www.michael-schumacher.es\/noticias-f1\/?p=9943"},"modified":"2013-05-19T21:35:19","modified_gmt":"2013-05-19T19:35:19","slug":"claire-williams-yo-no-voy-a-renunciar-hasta-que-nos-encontramos-en-la-parte-superior-de-la-parrilla","status":"publish","type":"post","link":"http:\/\/www.michael-schumacher.es\/noticias-f1\/2013\/05\/20\/claire-williams-yo-no-voy-a-renunciar-hasta-que-nos-encontramos-en-la-parte-superior-de-la-parrilla\/","title":{"rendered":"Claire Williams: \u201cYo no voy a renunciar hasta que nos encontramos en la parte superior de la parrilla\u201d"},"content":{"rendered":"<p><a href=\"http:\/\/www.michael-schumacher.es\/noticias-f1\/wp-content\/uploads\/2013\/04\/Claire-y-Frank-Williams.jpg\"><img loading=\"lazy\" class=\"alignleft\" alt=\"Claire-y-Frank-Williams\" src=\"http:\/\/www.michael-schumacher.es\/noticias-f1\/wp-content\/uploads\/2013\/04\/Claire-y-Frank-Williams.jpg\" width=\"200\" height=\"133\" \/><\/a>Claire Williams directora adjunta de Williams, es consciente de que los problemas con el Williams FW35, no se van a resolver r\u00e1pidamente y hay un largo camino hasta llegar de nuevo a los puntos, pero est\u00e1 resuelta a conseguirlo, tambi\u00e9n sabe que necesita m\u00e1s presupuesto y trabajo duro y tiempo.<\/p>\n<p><!--more--> <!--noteaser--><\/p>\n<p><a href=\"http:\/\/www.michael-schumacher.es\/noticias-f1\/wp-content\/uploads\/2013\/04\/Claire-y-Frank-Williams.jpg\"><img loading=\"lazy\" class=\"aligncenter size-full wp-image-8718\" alt=\"Claire-y-Frank-Williams\" src=\"http:\/\/www.michael-schumacher.es\/noticias-f1\/wp-content\/uploads\/2013\/04\/Claire-y-Frank-Williams.jpg\" width=\"650\" height=\"433\" srcset=\"http:\/\/www.michael-schumacher.es\/noticias-f1\/wp-content\/uploads\/2013\/04\/Claire-y-Frank-Williams.jpg 650w, http:\/\/www.michael-schumacher.es\/noticias-f1\/wp-content\/uploads\/2013\/04\/Claire-y-Frank-Williams-300x199.jpg 300w\" sizes=\"(max-width: 650px) 100vw, 650px\" \/><\/a><\/p>\n<p>&nbsp;<\/p>\n<p>Claire Williams directora adjunta de Williams, es consciente de que los problemas con el Williams FW35, no se van a resolver r\u00e1pidamente y hay un largo camino hasta llegar de nuevo a los puntos, pero est\u00e1 resuelta a conseguirlo, tambi\u00e9n sabe que necesita m\u00e1s presupuesto y trabajo duro y tiempo.<\/p>\n<p>&nbsp;<\/p>\n<p>Sin duda Williams no ha iniciado la temporada como esperaban, aunque conocen el problema, tal como declara Claire Williams: <strong>\u00abDuele caer tan bajo, perdiendo un gran esfuerzo. No hemos tenido el inicio esperado de la temporada. Pensamos que hab\u00edamos hecho progresos pero a\u00fan dio un paso atr\u00e1s otra vez. Ahora debemos evaluar lo que retrasado o nunca vamos a salir adelante. Encontramos lo que era el principal problema con el coche despu\u00e9s de Malasia y sab\u00edamos que no resolver\u00eda r\u00e1pidamente. No nos gustaba esperar a Barcelona, donde tuvo un nuevo comienzo. Todav\u00eda tenemos un largo camino antes de regresar a la Q3 y a los puntos de forma regular\u201d.<\/strong><\/p>\n<p>&nbsp;<\/p>\n<p>Claire Williams reconoce que necesitan tiempo y no hace prediciones de cuanto necesitan, pero saben que es lo que est\u00e1 mal: <strong>\u00abPor ahora estamos en los procedimientos para solucionar el problema. Y el problema que sufrimos en el FW35 no es r\u00e1pido de resolver. Escalar cuando, yo no puedo decir y creo que es peligroso jugar con el tiempo. Tenemos trabajo, pero sabemos lo que est\u00e1 mal\u201d.<\/strong><\/p>\n<p>&nbsp;<\/p>\n<p>Pero Claire Williams sigue firme en su prop\u00f3sito y conoce lo que se debe hacer y no renunciara hasta conseguirlo: <strong>\u00abEncontrar M\u00e1s presupuesto. Esto es siempre lo m\u00e1s importante. Deber\u00eda ser m\u00e1s de lo que encontr\u00e9 el a\u00f1o pasado. Esto es lo que m\u00e1s me importa, recaudar m\u00e1s dinero para el equipo, porque cuanto m\u00e1s tengas, mejor ser\u00e1 su coche. A continuaci\u00f3n, poner el equipo en la mejor posici\u00f3n en el esquema pol\u00edtico de las cosas en la F1. En tercer lugar, y quiz\u00e1s lo m\u00e1s importante, los resultados. Yo no voy a renunciar hasta que nos encontramos en la parte superior de la parrilla de salida y estemos luchando por t\u00edtulos\u201d.<\/strong><\/p>\n<p>&nbsp;<\/p>\n<p>&nbsp;<\/p>\n<div class=\"sharedaddy sd-sharing-enabled\"><div class=\"robots-nocontent sd-block sd-social sd-social-official sd-sharing\"><h3 class=\"sd-title\">Opciones Sociales:<\/h3><div class=\"sd-content\"><ul><li class=\"share-facebook\"><div class=\"fb-share-button\" data-href=\"http:\/\/www.michael-schumacher.es\/noticias-f1\/2013\/05\/20\/claire-williams-yo-no-voy-a-renunciar-hasta-que-nos-encontramos-en-la-parte-superior-de-la-parrilla\/\" data-layout=\"button_count\"><\/div><\/li><li class=\"share-twitter\"><a href=\"https:\/\/twitter.com\/share\" class=\"twitter-share-button\" data-url=\"http:\/\/www.michael-schumacher.es\/noticias-f1\/2013\/05\/20\/claire-williams-yo-no-voy-a-renunciar-hasta-que-nos-encontramos-en-la-parte-superior-de-la-parrilla\/\" data-text=\"Claire Williams: \u201cYo no voy a renunciar hasta que nos encontramos en la parte superior de la parrilla\u201d\"  >Tweet<\/a><\/li><li class=\"share-email\"><a rel=\"nofollow noopener noreferrer\" data-shared=\"\" class=\"share-email sd-button\" href=\"http:\/\/www.michael-schumacher.es\/noticias-f1\/2013\/05\/20\/claire-williams-yo-no-voy-a-renunciar-hasta-que-nos-encontramos-en-la-parte-superior-de-la-parrilla\/?share=email\" target=\"_blank\" title=\"Haz clic para enviar por correo electr\u00f3nico a un amigo\"><span>Correo electr\u00f3nico<\/span><\/a><\/li><li class=\"share-end\"><\/li><\/ul><\/div><\/div><\/div>","protected":false},"excerpt":{"rendered":"<p>Claire Williams directora adjunta de Williams, es consciente de que los problemas con el Williams FW35, no se van a resolver r\u00e1pidamente y hay un largo camino hasta llegar de nuevo a los puntos, pero est\u00e1 resuelta a conseguirlo, tambi\u00e9n sabe que necesita m\u00e1s presupuesto y trabajo duro y tiempo.<\/p>\n<div class=\"sharedaddy sd-sharing-enabled\"><div class=\"robots-nocontent sd-block sd-social sd-social-official sd-sharing\"><h3 class=\"sd-title\">Opciones Sociales:<\/h3><div class=\"sd-content\"><ul><li class=\"share-facebook\"><div class=\"fb-share-button\" data-href=\"http:\/\/www.michael-schumacher.es\/noticias-f1\/2013\/05\/20\/claire-williams-yo-no-voy-a-renunciar-hasta-que-nos-encontramos-en-la-parte-superior-de-la-parrilla\/\" data-layout=\"button_count\"><\/div><\/li><li class=\"share-twitter\"><a href=\"https:\/\/twitter.com\/share\" class=\"twitter-share-button\" data-url=\"http:\/\/www.michael-schumacher.es\/noticias-f1\/2013\/05\/20\/claire-williams-yo-no-voy-a-renunciar-hasta-que-nos-encontramos-en-la-parte-superior-de-la-parrilla\/\" data-text=\"Claire Williams: \u201cYo no voy a renunciar hasta que nos encontramos en la parte superior de la parrilla\u201d\"  >Tweet<\/a><\/li><li class=\"share-email\"><a rel=\"nofollow noopener noreferrer\" data-shared=\"\" class=\"share-email sd-button\" href=\"http:\/\/www.michael-schumacher.es\/noticias-f1\/2013\/05\/20\/claire-williams-yo-no-voy-a-renunciar-hasta-que-nos-encontramos-en-la-parte-superior-de-la-parrilla\/?share=email\" target=\"_blank\" title=\"Haz clic para enviar por correo electr\u00f3nico a un amigo\"><span>Correo electr\u00f3nico<\/span><\/a><\/li><li class=\"share-end\"><\/li><\/ul><\/div><\/div><\/div>","protected":false},"author":3,"featured_media":0,"comment_status":"open","ping_status":"open","sticky":false,"template":"","format":"standard","meta":{"_monsterinsights_skip_tracking":false,"_monsterinsights_sitenote_active":false,"_monsterinsights_sitenote_note":"","_monsterinsights_sitenote_category":0,"spay_email":"","jetpack_publicize_message":"","jetpack_is_tweetstorm":false,"jetpack_publicize_feature_enabled":true},"categories":[3],"tags":[3122,3418,381,17,15,2744,2123,3416,734,3392,3417,642,93],"jetpack_featured_media_url":"","jetpack_publicize_connections":[],"jetpack_sharing_enabled":true,"jetpack_shortlink":"https:\/\/wp.me\/p27q3P-2An","_links":{"self":[{"href":"http:\/\/www.michael-schumacher.es\/noticias-f1\/wp-json\/wp\/v2\/posts\/9943"}],"collection":[{"href":"http:\/\/www.michael-schumacher.es\/noticias-f1\/wp-json\/wp\/v2\/posts"}],"about":[{"href":"http:\/\/www.michael-schumacher.es\/noticias-f1\/wp-json\/wp\/v2\/types\/post"}],"author":[{"embeddable":true,"href":"http:\/\/www.michael-schumacher.es\/noticias-f1\/wp-json\/wp\/v2\/users\/3"}],"replies":[{"embeddable":true,"href":"http:\/\/www.michael-schumacher.es\/noticias-f1\/wp-json\/wp\/v2\/comments?post=9943"}],"version-history":[{"count":0,"href":"http:\/\/www.michael-schumacher.es\/noticias-f1\/wp-json\/wp\/v2\/posts\/9943\/revisions"}],"wp:attachment":[{"href":"http:\/\/www.michael-schumacher.es\/noticias-f1\/wp-json\/wp\/v2\/media?parent=9943"}],"wp:term":[{"taxonomy":"category","embeddable":true,"href":"http:\/\/www.michael-schumacher.es\/noticias-f1\/wp-json\/wp\/v2\/categories?post=9943"},{"taxonomy":"post_tag","embeddable":true,"href":"http:\/\/www.michael-schumacher.es\/noticias-f1\/wp-json\/wp\/v2\/tags?post=9943"}],"curies":[{"name":"wp","href":"https:\/\/api.w.org\/{rel}","templated":true}]}}