{"id":9963,"date":"2013-05-21T02:26:11","date_gmt":"2013-05-21T00:26:11","guid":{"rendered":"http:\/\/www.michael-schumacher.es\/noticias-f1\/?p=9963"},"modified":"2013-05-21T02:26:11","modified_gmt":"2013-05-21T00:26:11","slug":"paddy-lowe-llegara-a-mercedes-el-3-de-junio","status":"publish","type":"post","link":"http:\/\/www.michael-schumacher.es\/noticias-f1\/2013\/05\/21\/paddy-lowe-llegara-a-mercedes-el-3-de-junio\/","title":{"rendered":"Paddy Lowe llegar\u00e1 a Mercedes el 3 de Junio"},"content":{"rendered":"<p><a href=\"http:\/\/www.michael-schumacher.es\/noticias-f1\/wp-content\/uploads\/2013\/01\/paddy-lowe.jpg\"><img loading=\"lazy\" class=\"alignleft\" alt=\"Paddy Lowe\" src=\"http:\/\/www.michael-schumacher.es\/noticias-f1\/wp-content\/uploads\/2013\/01\/paddy-lowe.jpg\" width=\"200\" height=\"100\" \/><\/a>Paddy Lowe ocupar\u00e1 el papel de director t\u00e9cnico y ejecutivo del equipo Mercedes Ross Brawn seguir\u00e1 siendo, al menos de momento el director del equipo ambos trabajaran en colaboraci\u00f3n. Y formando equipo con Toto Wolff el director ejecutivo. Aunque la llegada de Paddy Lowe parec\u00eda poner en peligro el puesto de Ross Brawn, el equipo Mercedes\u00a0 asegura que Brawn seguir\u00e1 en su puesto y con las mismas responsabilidades que en la actualidad.<\/p>\n<p><!--more--> <!--noteaser--><\/p>\n<p><a href=\"http:\/\/www.michael-schumacher.es\/noticias-f1\/wp-content\/uploads\/2013\/01\/paddy-lowe.jpg\"><img loading=\"lazy\" class=\"aligncenter size-full wp-image-7547\" alt=\"Paddy Lowe\" src=\"http:\/\/www.michael-schumacher.es\/noticias-f1\/wp-content\/uploads\/2013\/01\/paddy-lowe.jpg\" width=\"660\" height=\"330\" srcset=\"http:\/\/www.michael-schumacher.es\/noticias-f1\/wp-content\/uploads\/2013\/01\/paddy-lowe.jpg 660w, http:\/\/www.michael-schumacher.es\/noticias-f1\/wp-content\/uploads\/2013\/01\/paddy-lowe-300x150.jpg 300w\" sizes=\"(max-width: 660px) 100vw, 660px\" \/><\/a><\/p>\n<p>&nbsp;<\/p>\n<p>Paddy Lowe ocupar\u00e1 el papel de director t\u00e9cnico y ejecutivo del equipo Mercedes Ross Brawn seguir\u00e1 siendo, al menos de momento el director del equipo ambos trabajaran en colaboraci\u00f3n. Y formando equipo con Toto Wolff el director ejecutivo. Aunque la llegada de Paddy Lowe parec\u00eda poner en peligro el puesto de Ross Brawn, el equipo Mercedes\u00a0 asegura que Brawn seguir\u00e1 en su puesto y con las mismas responsabilidades que en la actualidad.<\/p>\n<p>&nbsp;<\/p>\n<p>&nbsp;<\/p>\n<p>El equipo Mercedes, que lleva un gran trabajo de ajuste y reestructuraci\u00f3n, no solamente ha fichado a Paddy Lowe para fortalecer su equipo tambi\u00e9n cuentan con otros fichajes relevantes como Bob Bell, Aldo Costa y Geoff Willis. En la esperanza de conseguir llevar a su equipo a los puestos de cabeza, aunque de momento en su cuarta temporada todav\u00eda no lo han conseguido.<\/p>\n<p>&nbsp;<\/p>\n<p>&nbsp;<\/p>\n<p>El ex director t\u00e9cnico de McLaren Paddy Lowe, declar\u00f3 estar muy contento de su incorporaci\u00f3n a Mercedes:<strong> \u00abEstoy encantado de formar parte de esta nueva y muy talentosa organizaci\u00f3n t\u00e9cnica. El equipo ha producido probablemente el coche m\u00e1s r\u00e1pido de la temporada 2013, mientras que los desaf\u00edos t\u00e9cnicos de la nueva normativa de 2014 nos dar\u00e1n la oportunidad de maximizar las sinergias disponibles para un fabricante. Este es un reto que me gusta. Trabaj\u00e9 estrechamente con Mercedes-Benz desde hace casi 20 a\u00f1os y admiro profundamente el compromiso espectacular de la empresa en la F1. Estoy deseando un gran \u00e9xito juntos en los pr\u00f3ximos a\u00f1os\u201d.<\/strong><\/p>\n<p>&nbsp;<\/p>\n<p>&nbsp;<\/p>\n<p>Ross Brawn tambi\u00e9n declaro estar muy contento de dar la bienvenida a Lowe, el hombre que podr\u00eda sustituirlo pr\u00f3ximamente: <strong>\u00abEstoy encantado de dar la bienvenida Lowe y ya empezar a trabajar juntos. Cuenta con una excelente trayectoria en el deporte y ser\u00eda de gran valor para cualquiera de nuestros competidores en el paddock. Esto no es un secreto que cada equipo se enfrenta a un importante ejercicio que debe hacerse entre este a\u00f1o y el siguiente. Pero puede ser menos obvio entender que tambi\u00e9n veremos grandes cambios para las temporadas 2015 y 2016, con el desarrollo nuevos motores que va a continuar. Para tener \u00e9xito en estas circunstancias, un equipo exitoso necesita fuerzas en todas sus ramificaciones. La llegada de Paddy fortalecer\u00e1 nuestra organizaci\u00f3n y esto nos pone en una buena posici\u00f3n para el futuro\u201d.<\/strong><\/p>\n<p>&nbsp;<\/p>\n<div class=\"sharedaddy sd-sharing-enabled\"><div class=\"robots-nocontent sd-block sd-social sd-social-official sd-sharing\"><h3 class=\"sd-title\">Opciones Sociales:<\/h3><div class=\"sd-content\"><ul><li class=\"share-facebook\"><div class=\"fb-share-button\" data-href=\"http:\/\/www.michael-schumacher.es\/noticias-f1\/2013\/05\/21\/paddy-lowe-llegara-a-mercedes-el-3-de-junio\/\" data-layout=\"button_count\"><\/div><\/li><li class=\"share-twitter\"><a href=\"https:\/\/twitter.com\/share\" class=\"twitter-share-button\" data-url=\"http:\/\/www.michael-schumacher.es\/noticias-f1\/2013\/05\/21\/paddy-lowe-llegara-a-mercedes-el-3-de-junio\/\" data-text=\"Paddy Lowe llegar\u00e1 a Mercedes el 3 de Junio\"  >Tweet<\/a><\/li><li class=\"share-email\"><a rel=\"nofollow noopener noreferrer\" data-shared=\"\" class=\"share-email sd-button\" href=\"http:\/\/www.michael-schumacher.es\/noticias-f1\/2013\/05\/21\/paddy-lowe-llegara-a-mercedes-el-3-de-junio\/?share=email\" target=\"_blank\" title=\"Haz clic para enviar por correo electr\u00f3nico a un amigo\"><span>Correo electr\u00f3nico<\/span><\/a><\/li><li class=\"share-end\"><\/li><\/ul><\/div><\/div><\/div>","protected":false},"excerpt":{"rendered":"<p>Paddy Lowe ocupar\u00e1 el papel de director t\u00e9cnico y ejecutivo del equipo Mercedes Ross Brawn seguir\u00e1 siendo, al menos de momento el director del equipo ambos trabajaran en colaboraci\u00f3n. Y formando equipo con Toto Wolff el director ejecutivo. Aunque la llegada de Paddy Lowe parec\u00eda poner en peligro el puesto de Ross Brawn, el equipo [&hellip;]<\/p>\n<div class=\"sharedaddy sd-sharing-enabled\"><div class=\"robots-nocontent sd-block sd-social sd-social-official sd-sharing\"><h3 class=\"sd-title\">Opciones Sociales:<\/h3><div class=\"sd-content\"><ul><li class=\"share-facebook\"><div class=\"fb-share-button\" data-href=\"http:\/\/www.michael-schumacher.es\/noticias-f1\/2013\/05\/21\/paddy-lowe-llegara-a-mercedes-el-3-de-junio\/\" data-layout=\"button_count\"><\/div><\/li><li class=\"share-twitter\"><a href=\"https:\/\/twitter.com\/share\" class=\"twitter-share-button\" data-url=\"http:\/\/www.michael-schumacher.es\/noticias-f1\/2013\/05\/21\/paddy-lowe-llegara-a-mercedes-el-3-de-junio\/\" data-text=\"Paddy Lowe llegar\u00e1 a Mercedes el 3 de Junio\"  >Tweet<\/a><\/li><li class=\"share-email\"><a rel=\"nofollow noopener noreferrer\" data-shared=\"\" class=\"share-email sd-button\" href=\"http:\/\/www.michael-schumacher.es\/noticias-f1\/2013\/05\/21\/paddy-lowe-llegara-a-mercedes-el-3-de-junio\/?share=email\" target=\"_blank\" title=\"Haz clic para enviar por correo electr\u00f3nico a un amigo\"><span>Correo electr\u00f3nico<\/span><\/a><\/li><li class=\"share-end\"><\/li><\/ul><\/div><\/div><\/div>","protected":false},"author":3,"featured_media":0,"comment_status":"open","ping_status":"open","sticky":false,"template":"","format":"standard","meta":{"_monsterinsights_skip_tracking":false,"_monsterinsights_sitenote_active":false,"_monsterinsights_sitenote_note":"","_monsterinsights_sitenote_category":0,"spay_email":"","jetpack_publicize_message":"","jetpack_is_tweetstorm":false,"jetpack_publicize_feature_enabled":true},"categories":[3],"tags":[373,2559,366,381,3383,2377,2694,138,304,1442,1380,238],"jetpack_featured_media_url":"","jetpack_publicize_connections":[],"jetpack_sharing_enabled":true,"jetpack_shortlink":"https:\/\/wp.me\/p27q3P-2AH","_links":{"self":[{"href":"http:\/\/www.michael-schumacher.es\/noticias-f1\/wp-json\/wp\/v2\/posts\/9963"}],"collection":[{"href":"http:\/\/www.michael-schumacher.es\/noticias-f1\/wp-json\/wp\/v2\/posts"}],"about":[{"href":"http:\/\/www.michael-schumacher.es\/noticias-f1\/wp-json\/wp\/v2\/types\/post"}],"author":[{"embeddable":true,"href":"http:\/\/www.michael-schumacher.es\/noticias-f1\/wp-json\/wp\/v2\/users\/3"}],"replies":[{"embeddable":true,"href":"http:\/\/www.michael-schumacher.es\/noticias-f1\/wp-json\/wp\/v2\/comments?post=9963"}],"version-history":[{"count":0,"href":"http:\/\/www.michael-schumacher.es\/noticias-f1\/wp-json\/wp\/v2\/posts\/9963\/revisions"}],"wp:attachment":[{"href":"http:\/\/www.michael-schumacher.es\/noticias-f1\/wp-json\/wp\/v2\/media?parent=9963"}],"wp:term":[{"taxonomy":"category","embeddable":true,"href":"http:\/\/www.michael-schumacher.es\/noticias-f1\/wp-json\/wp\/v2\/categories?post=9963"},{"taxonomy":"post_tag","embeddable":true,"href":"http:\/\/www.michael-schumacher.es\/noticias-f1\/wp-json\/wp\/v2\/tags?post=9963"}],"curies":[{"name":"wp","href":"https:\/\/api.w.org\/{rel}","templated":true}]}}